{"id":7301,"date":"2016-09-06T18:49:58","date_gmt":"2016-09-06T21:49:58","guid":{"rendered":"http:\/\/www.atecordoba.org\/?p=7301"},"modified":"2016-09-06T18:49:58","modified_gmt":"2016-09-06T21:49:58","slug":"29-de-septiembre-paro-nacional-de-ate","status":"publish","type":"post","link":"https:\/\/atecordoba.org\/?p=7301","title":{"rendered":"29 de Septiembre: Paro Nacional de ATE"},"content":{"rendered":"<p><em>As\u00ed lo resolvieron por unanimidad los miembros de la Conducci\u00f3n Nacional y los Secretarios Generales de todas las provincias, reunidos en el hotel del gremio. Adem\u00e1s, se definieron otras medidas para las pr\u00f3ximas semanas y durante el mes de octubre.<\/em><\/p>\n<p><img loading=\"lazy\" decoding=\"async\" class=\"aligncenter size-full wp-image-7305\" src=\"http:\/\/www.atecordoba.org\/wp-content\/uploads\/2016\/09\/565b1e1bb1e978b64d02ee140ef206aa_m-e1473198289574.jpg\" alt=\"565b1e1bb1e978b64d02ee140ef206aa_m\" width=\"550\" height=\"276\" \/><br \/>\nA la reapertura de las paritarias, la reincorporaci\u00f3n de todos los trabajadores despedidos, contra el ajuste y los tarifazos. Adem\u00e1s, nuestro gremio plantea su absoluto rechazo a la puesta en marcha de la Tercera Reforma del Estado que intenta imponer el Gobierno de Mauricio Macri. Por estos motivos, los miembros de la Conducci\u00f3n Nacional de ATE y los Secretarios Generales, resolvieron profundizar la lucha y llamar a un nuevo Paro Nacional con movilizaci\u00f3n para el pr\u00f3ximo 29 de septiembre.<\/p>\n<p>En este contexto, tambi\u00e9n se defini\u00f3 realizar una jornada de lucha con movilizaci\u00f3n para el pr\u00f3ximo 16 de septiembre, d\u00eda que el Gobierno convoc\u00f3 a la audiencia p\u00fablica para discutir el nuevo cuadro tarifario.<\/p>\n<p>Asimismo, el 20 de septiembre, D\u00eda del Jubilado, tambi\u00e9n se realizar\u00e1 una medida de protesta frente al Congreso de la Naci\u00f3n en defensa de la Seguridad Social, mandato que surgi\u00f3 del plenario realizado en la sede de ATE a trav\u00e9s de todos los sectores involucrados.<\/p>\n<p>Tambi\u00e9n, ATE convoca a la Conferencia Nacional de Salud a desarrollarse el 28 y 29 de septiembre en la sede nacional del gremio.<\/p>\n<p>Por otro lado, se aprob\u00f3 la convocatoria al Confederal de ATE a realizarse los d\u00edas 27 y 28 de octubre en el Consejo Directivo Nacional del gremio en Capital Federal.<\/p>\n<p>Recordamos que la Conducci\u00f3n Nacional contin\u00faa impulsando encuentros provinciales sobre El rol del Estado. El pr\u00f3ximo est\u00e1 impulsado por el CDP de R\u00edo Negro a desarrollarse el 25 y 26 de octubre pr\u00f3ximo.<\/p>\n<p>Por \u00faltimo, el Consejo Directivo Provincial determinar\u00e1 las actividades a desarrollar en estas fechas adhiriendo de antemano a la convocatoria al paro nacional del d\u00eda 29 del corriente mes.<\/p>\n","protected":false},"excerpt":{"rendered":"<p>As\u00ed lo resolvieron por unanimidad los miembros de la Conducci\u00f3n Nacional y los Secretarios Generales de todas las provincias, reunidos en el hotel del gremio. Adem\u00e1s, se definieron otras medidas para las pr\u00f3ximas semanas y durante el mes de octubre. A la reapertura de las paritarias, la reincorporaci\u00f3n de todos los trabajadores despedidos, contra el [&hellip;]<\/p>\n","protected":false},"author":1,"featured_media":19220,"comment_status":"open","ping_status":"open","sticky":false,"template":"","format":"standard","meta":{"_exactmetrics_skip_tracking":false,"_exactmetrics_sitenote_active":false,"_exactmetrics_sitenote_note":"","_exactmetrics_sitenote_category":0,"jnews-multi-image_gallery":[],"jnews_single_post":[],"jnews_primary_category":[],"jnews_social_meta":[],"jnews_review":[],"enable_review":"","type":"","name":"","summary":"","brand":"","sku":"","good":[],"bad":[],"score_override":"","override_value":"","rating":[],"price":[],"jnews_override_counter":[],"jnews_post_split":[],"footnotes":""},"categories":[18,21],"tags":[],"class_list":["post-7301","post","type-post","status-publish","format-standard","has-post-thumbnail","hentry","category-nacionales","category-paro-nacional"],"jetpack_featured_media_url":"https:\/\/atecordoba.org\/wp-content\/uploads\/2020\/05\/logo-nuevochico-e1561581322808.png","_links":{"self":[{"href":"https:\/\/atecordoba.org\/index.php?rest_route=\/wp\/v2\/posts\/7301","targetHints":{"allow":["GET"]}}],"collection":[{"href":"https:\/\/atecordoba.org\/index.php?rest_route=\/wp\/v2\/posts"}],"about":[{"href":"https:\/\/atecordoba.org\/index.php?rest_route=\/wp\/v2\/types\/post"}],"author":[{"embeddable":true,"href":"https:\/\/atecordoba.org\/index.php?rest_route=\/wp\/v2\/users\/1"}],"replies":[{"embeddable":true,"href":"https:\/\/atecordoba.org\/index.php?rest_route=%2Fwp%2Fv2%2Fcomments&post=7301"}],"version-history":[{"count":0,"href":"https:\/\/atecordoba.org\/index.php?rest_route=\/wp\/v2\/posts\/7301\/revisions"}],"wp:featuredmedia":[{"embeddable":true,"href":"https:\/\/atecordoba.org\/index.php?rest_route=\/wp\/v2\/media\/19220"}],"wp:attachment":[{"href":"https:\/\/atecordoba.org\/index.php?rest_route=%2Fwp%2Fv2%2Fmedia&parent=7301"}],"wp:term":[{"taxonomy":"category","embeddable":true,"href":"https:\/\/atecordoba.org\/index.php?rest_route=%2Fwp%2Fv2%2Fcategories&post=7301"},{"taxonomy":"post_tag","embeddable":true,"href":"https:\/\/atecordoba.org\/index.php?rest_route=%2Fwp%2Fv2%2Ftags&post=7301"}],"curies":[{"name":"wp","href":"https:\/\/api.w.org\/{rel}","templated":true}]}}