{"id":7298,"date":"2016-09-02T16:46:36","date_gmt":"2016-09-02T19:46:36","guid":{"rendered":"http:\/\/www.atecordoba.org\/?p=7298"},"modified":"2016-09-02T16:46:36","modified_gmt":"2016-09-02T19:46:36","slug":"jornada-de-protesta-por-la-caida-de-contratos-en-los-hospitales-provinciales","status":"publish","type":"post","link":"https:\/\/atecordoba.org\/?p=7298","title":{"rendered":"Jornada de protesta por la ca\u00edda de contratos en los hospitales provinciales"},"content":{"rendered":"<p><em>Esta ma\u00f1ana se llev\u00f3 a cabo un corte en el Polo Sanitario impulsado desde el Hospital de Ni\u00f1os en apoyo a los contratados.<\/em><\/p>\n<p>Como consecuencia de la decisi\u00f3n del gobierno provincial de no renovar contratos en el sector de la salud, nuestro gremio llev\u00f3 a cabo una jornada de protesta en el Hospital de Ni\u00f1os. En primer lugar, se realiz\u00f3 una numerosa asamblea en ese nosocomio y luego se procedi\u00f3 a un corte sobre bajada Pucar\u00e1 en el Polo Sanitario.<\/p>\n<p><img loading=\"lazy\" decoding=\"async\" class=\"aligncenter size-full wp-image-7299\" src=\"http:\/\/www.atecordoba.org\/wp-content\/uploads\/2016\/09\/60c5076f-8a6f-4e28-9db5-bc53774ed471-e1472845490805.jpg\" alt=\"60c5076f-8a6f-4e28-9db5-bc53774ed471\" width=\"550\" height=\"309\" \/><\/p>\n<p>Ante este cuadro de situaci\u00f3n, ATE decidi\u00f3 continuar con las acciones gremiales de protesta y realizar asambleas por turno en todos los hospitales provinciales para la semana pr\u00f3xima. En el marco de las acciones previstas en el plan de lucha, el d\u00eda martes 6 de septiembre se realizar\u00e1 otra jornada de protesta con una olla popular en el Hospital de Ni\u00f1os.<\/p>\n","protected":false},"excerpt":{"rendered":"<p>Esta ma\u00f1ana se llev\u00f3 a cabo un corte en el Polo Sanitario impulsado desde el Hospital de Ni\u00f1os en apoyo a los contratados. Como consecuencia de la decisi\u00f3n del gobierno provincial de no renovar contratos en el sector de la salud, nuestro gremio llev\u00f3 a cabo una jornada de protesta en el Hospital de Ni\u00f1os. [&hellip;]<\/p>\n","protected":false},"author":1,"featured_media":19220,"comment_status":"open","ping_status":"open","sticky":false,"template":"","format":"standard","meta":{"_exactmetrics_skip_tracking":false,"_exactmetrics_sitenote_active":false,"_exactmetrics_sitenote_note":"","_exactmetrics_sitenote_category":0,"jnews-multi-image_gallery":[],"jnews_single_post":[],"jnews_primary_category":[],"jnews_social_meta":[],"jnews_review":[],"enable_review":"","type":"","name":"","summary":"","brand":"","sku":"","good":[],"bad":[],"score_override":"","override_value":"","rating":[],"price":[],"jnews_override_counter":[],"jnews_post_split":[],"footnotes":""},"categories":[7,8,102],"tags":[],"class_list":["post-7298","post","type-post","status-publish","format-standard","has-post-thumbnail","hentry","category-hospitales","category-provinciales","category-salud-2"],"jetpack_featured_media_url":"https:\/\/atecordoba.org\/wp-content\/uploads\/2020\/05\/logo-nuevochico-e1561581322808.png","_links":{"self":[{"href":"https:\/\/atecordoba.org\/index.php?rest_route=\/wp\/v2\/posts\/7298","targetHints":{"allow":["GET"]}}],"collection":[{"href":"https:\/\/atecordoba.org\/index.php?rest_route=\/wp\/v2\/posts"}],"about":[{"href":"https:\/\/atecordoba.org\/index.php?rest_route=\/wp\/v2\/types\/post"}],"author":[{"embeddable":true,"href":"https:\/\/atecordoba.org\/index.php?rest_route=\/wp\/v2\/users\/1"}],"replies":[{"embeddable":true,"href":"https:\/\/atecordoba.org\/index.php?rest_route=%2Fwp%2Fv2%2Fcomments&post=7298"}],"version-history":[{"count":0,"href":"https:\/\/atecordoba.org\/index.php?rest_route=\/wp\/v2\/posts\/7298\/revisions"}],"wp:featuredmedia":[{"embeddable":true,"href":"https:\/\/atecordoba.org\/index.php?rest_route=\/wp\/v2\/media\/19220"}],"wp:attachment":[{"href":"https:\/\/atecordoba.org\/index.php?rest_route=%2Fwp%2Fv2%2Fmedia&parent=7298"}],"wp:term":[{"taxonomy":"category","embeddable":true,"href":"https:\/\/atecordoba.org\/index.php?rest_route=%2Fwp%2Fv2%2Fcategories&post=7298"},{"taxonomy":"post_tag","embeddable":true,"href":"https:\/\/atecordoba.org\/index.php?rest_route=%2Fwp%2Fv2%2Ftags&post=7298"}],"curies":[{"name":"wp","href":"https:\/\/api.w.org\/{rel}","templated":true}]}}