{"id":7294,"date":"2016-09-01T18:51:28","date_gmt":"2016-09-01T21:51:28","guid":{"rendered":"http:\/\/www.atecordoba.org\/?p=7294"},"modified":"2016-09-01T18:51:28","modified_gmt":"2016-09-01T21:51:28","slug":"ate-cta-presentes-en-el-festejo-del-dia-del-nino-en-pizarro-unquillo","status":"publish","type":"post","link":"https:\/\/atecordoba.org\/?p=7294","title":{"rendered":"ATE-CTA presentes en el festejo del D\u00eda del Ni\u00f1o en Pizarro-Unquillo"},"content":{"rendered":"<p><em>ATE y CTA prestaron colaboraci\u00f3n econ\u00f3mica para que el merendero Semillitas de Esperanza pudiera llevar adelante la celebraci\u00f3n en la zona.<br \/>\n<\/em><br \/>\nAs\u00ed como lo hizo en la Casita Verde en la zona oeste de la ciudad, el domingo pasado ATE llev\u00f3 su\u00a0aporte a este merendero sostenido por vecinos, instituciones y el trabajo incansable\u00a0de Gladis, compa\u00f1era cesanteada por la actual gesti\u00f3n municipal. Durante el festejo se compartieron hamburguesas, gaseosas, golosinas, sorpresas y juegos. Semillitas tambi\u00e9n entreg\u00f3 un televisor a una familia que no contaba con uno.<\/p>\n<p><img loading=\"lazy\" decoding=\"async\" class=\"aligncenter size-full wp-image-7295\" src=\"http:\/\/www.atecordoba.org\/wp-content\/uploads\/2016\/09\/14125664_647178718773918_566269222917143909_o-e1472766538522.jpg\" alt=\"14125664_647178718773918_566269222917143909_o\" width=\"550\" height=\"309\" \/><\/p>\n<p>Alrededor de 100<span class=\"text_exposed_show\"> chicos concurren a merendar a este espacio que se sostiene \u00fanicamente con aportes solidarios.\u00a0A\u00a0pesar de estar desocupada y haber sufrido un infarto por el stress causado por esa situaci\u00f3n, Gladis ense\u00f1a\u00a0la alegr\u00eda que produce compartir.<\/span><\/p>\n<p><img loading=\"lazy\" decoding=\"async\" class=\"aligncenter size-full wp-image-7296\" src=\"http:\/\/www.atecordoba.org\/wp-content\/uploads\/2016\/09\/14195954_647179018773888_8693513139037654201_o-e1472766549180.jpg\" alt=\"14195954_647179018773888_8693513139037654201_o\" width=\"550\" height=\"309\" \/><\/p>\n<div class=\"text_exposed_show\">\n<p>Desde ATE, queremos agradecer a la compa\u00f1era por su entrega y por permitirnos\u00a0acompa\u00f1arla. Gladis demuestra que m\u00e1s all\u00e1 de las ideolog\u00edas, primero est\u00e1n los ni\u00f1os. No s\u00f3lo ella\u00a0eligi\u00f3 a ATE como su gremio sino que ATE la\u00a0eligi\u00f3 a ella como afiliada.<\/p>\n<p>Quienes deseen colaborar con leche, az\u00facar u otros elementos\u00a0pueden comunicarse con los delegados municipales de Unquillo.<\/p>\n<\/div>\n","protected":false},"excerpt":{"rendered":"<p>ATE y CTA prestaron colaboraci\u00f3n econ\u00f3mica para que el merendero Semillitas de Esperanza pudiera llevar adelante la celebraci\u00f3n en la zona. As\u00ed como lo hizo en la Casita Verde en la zona oeste de la ciudad, el domingo pasado ATE llev\u00f3 su\u00a0aporte a este merendero sostenido por vecinos, instituciones y el trabajo incansable\u00a0de Gladis, compa\u00f1era [&hellip;]<\/p>\n","protected":false},"author":1,"featured_media":19220,"comment_status":"open","ping_status":"open","sticky":false,"template":"","format":"standard","meta":{"_exactmetrics_skip_tracking":false,"_exactmetrics_sitenote_active":false,"_exactmetrics_sitenote_note":"","_exactmetrics_sitenote_category":0,"jnews-multi-image_gallery":[],"jnews_single_post":[],"jnews_primary_category":[],"jnews_social_meta":[],"jnews_review":[],"enable_review":"","type":"","name":"","summary":"","brand":"","sku":"","good":[],"bad":[],"score_override":"","override_value":"","rating":[],"price":[],"jnews_override_counter":[],"jnews_post_split":[],"footnotes":""},"categories":[75,20],"tags":[],"class_list":["post-7294","post","type-post","status-publish","format-standard","has-post-thumbnail","hentry","category-accion-social","category-municipales"],"jetpack_featured_media_url":"https:\/\/atecordoba.org\/wp-content\/uploads\/2020\/05\/logo-nuevochico-e1561581322808.png","_links":{"self":[{"href":"https:\/\/atecordoba.org\/index.php?rest_route=\/wp\/v2\/posts\/7294","targetHints":{"allow":["GET"]}}],"collection":[{"href":"https:\/\/atecordoba.org\/index.php?rest_route=\/wp\/v2\/posts"}],"about":[{"href":"https:\/\/atecordoba.org\/index.php?rest_route=\/wp\/v2\/types\/post"}],"author":[{"embeddable":true,"href":"https:\/\/atecordoba.org\/index.php?rest_route=\/wp\/v2\/users\/1"}],"replies":[{"embeddable":true,"href":"https:\/\/atecordoba.org\/index.php?rest_route=%2Fwp%2Fv2%2Fcomments&post=7294"}],"version-history":[{"count":0,"href":"https:\/\/atecordoba.org\/index.php?rest_route=\/wp\/v2\/posts\/7294\/revisions"}],"wp:featuredmedia":[{"embeddable":true,"href":"https:\/\/atecordoba.org\/index.php?rest_route=\/wp\/v2\/media\/19220"}],"wp:attachment":[{"href":"https:\/\/atecordoba.org\/index.php?rest_route=%2Fwp%2Fv2%2Fmedia&parent=7294"}],"wp:term":[{"taxonomy":"category","embeddable":true,"href":"https:\/\/atecordoba.org\/index.php?rest_route=%2Fwp%2Fv2%2Fcategories&post=7294"},{"taxonomy":"post_tag","embeddable":true,"href":"https:\/\/atecordoba.org\/index.php?rest_route=%2Fwp%2Fv2%2Ftags&post=7294"}],"curies":[{"name":"wp","href":"https:\/\/api.w.org\/{rel}","templated":true}]}}