{"id":7292,"date":"2016-09-01T15:24:57","date_gmt":"2016-09-01T18:24:57","guid":{"rendered":"http:\/\/www.atecordoba.org\/?p=7292"},"modified":"2016-09-01T15:24:57","modified_gmt":"2016-09-01T18:24:57","slug":"manana-habra-paro-nacional-de-iose","status":"publish","type":"post","link":"https:\/\/atecordoba.org\/?p=7292","title":{"rendered":"Ma\u00f1ana habr\u00e1 paro nacional de IOSE"},"content":{"rendered":"<p><em>Los compa\u00f1eros de IOSE C\u00f3rdoba se manifestar\u00e1n a las 10.30 hs. con un corte de media calzada frente a la farmacia de la entidad, ubicada en calle General Alvear 164.<\/em><\/p>\n<p><img loading=\"lazy\" decoding=\"async\" class=\"aligncenter size-full wp-image-7226\" src=\"http:\/\/www.atecordoba.org\/wp-content\/uploads\/2016\/08\/IMG-20160819-WA0056-e1471641641915.jpg\" alt=\"IMG-20160819-WA0056\" width=\"550\" height=\"310\" \/><\/p>\n<p>El paro nacional convocado por el IOSE se origina ante la falta de cumplimiento del acta acuerdo firmada el d\u00eda 5 de agosto. El documento establec\u00eda una recomposici\u00f3n salarial de 3000 pesos (incorporados al vi\u00e1tico) y dos categor\u00edas de ascenso.<\/p>\n<p>Adem\u00e1s, los trabajadores reclamar\u00e1n por el pase a planta de todos los contratados y por el ingreso de personal a \u00e1reas cr\u00edticas.<\/p>\n","protected":false},"excerpt":{"rendered":"<p>Los compa\u00f1eros de IOSE C\u00f3rdoba se manifestar\u00e1n a las 10.30 hs. con un corte de media calzada frente a la farmacia de la entidad, ubicada en calle General Alvear 164. El paro nacional convocado por el IOSE se origina ante la falta de cumplimiento del acta acuerdo firmada el d\u00eda 5 de agosto. El documento [&hellip;]<\/p>\n","protected":false},"author":1,"featured_media":19220,"comment_status":"open","ping_status":"open","sticky":false,"template":"","format":"standard","meta":{"_exactmetrics_skip_tracking":false,"_exactmetrics_sitenote_active":false,"_exactmetrics_sitenote_note":"","_exactmetrics_sitenote_category":0,"jnews-multi-image_gallery":[],"jnews_single_post":[],"jnews_primary_category":[],"jnews_social_meta":[],"jnews_review":[],"enable_review":"","type":"","name":"","summary":"","brand":"","sku":"","good":[],"bad":[],"score_override":"","override_value":"","rating":[],"price":[],"jnews_override_counter":[],"jnews_post_split":[],"footnotes":""},"categories":[18,21],"tags":[],"class_list":["post-7292","post","type-post","status-publish","format-standard","has-post-thumbnail","hentry","category-nacionales","category-paro-nacional"],"jetpack_featured_media_url":"https:\/\/atecordoba.org\/wp-content\/uploads\/2020\/05\/logo-nuevochico-e1561581322808.png","_links":{"self":[{"href":"https:\/\/atecordoba.org\/index.php?rest_route=\/wp\/v2\/posts\/7292","targetHints":{"allow":["GET"]}}],"collection":[{"href":"https:\/\/atecordoba.org\/index.php?rest_route=\/wp\/v2\/posts"}],"about":[{"href":"https:\/\/atecordoba.org\/index.php?rest_route=\/wp\/v2\/types\/post"}],"author":[{"embeddable":true,"href":"https:\/\/atecordoba.org\/index.php?rest_route=\/wp\/v2\/users\/1"}],"replies":[{"embeddable":true,"href":"https:\/\/atecordoba.org\/index.php?rest_route=%2Fwp%2Fv2%2Fcomments&post=7292"}],"version-history":[{"count":0,"href":"https:\/\/atecordoba.org\/index.php?rest_route=\/wp\/v2\/posts\/7292\/revisions"}],"wp:featuredmedia":[{"embeddable":true,"href":"https:\/\/atecordoba.org\/index.php?rest_route=\/wp\/v2\/media\/19220"}],"wp:attachment":[{"href":"https:\/\/atecordoba.org\/index.php?rest_route=%2Fwp%2Fv2%2Fmedia&parent=7292"}],"wp:term":[{"taxonomy":"category","embeddable":true,"href":"https:\/\/atecordoba.org\/index.php?rest_route=%2Fwp%2Fv2%2Fcategories&post=7292"},{"taxonomy":"post_tag","embeddable":true,"href":"https:\/\/atecordoba.org\/index.php?rest_route=%2Fwp%2Fv2%2Ftags&post=7292"}],"curies":[{"name":"wp","href":"https:\/\/api.w.org\/{rel}","templated":true}]}}