{"id":7287,"date":"2016-09-01T15:02:31","date_gmt":"2016-09-01T18:02:31","guid":{"rendered":"http:\/\/www.atecordoba.org\/?p=7287"},"modified":"2016-09-01T15:02:31","modified_gmt":"2016-09-01T18:02:31","slug":"ate-aporto-para-el-festejo-del-dia-del-nino-en-capilla-de-los-remedios","status":"publish","type":"post","link":"https:\/\/atecordoba.org\/?p=7287","title":{"rendered":"ATE aport\u00f3 para el festejo del D\u00eda del Ni\u00f1o en Capilla de los Remedios"},"content":{"rendered":"<p><em>Nuestro gremio don\u00f3 cajas de golosinas a una iglesia evang\u00e9lica para que los ni\u00f1os de la zona festejen su d\u00eda<\/em><\/p>\n<p>La iglesia evang\u00e9lica \u201cGente Comprometida con Jes\u00fas\u201d de Capilla de los Remedios organiz\u00f3 un festejo con motivo de cumplirse un nuevo D\u00eda del Ni\u00f1o. Para ello, se vali\u00f3 de donaciones de diversas procedencias, entre ellas la de ATE.<\/p>\n<p>La zona de Capilla de los Remedios es una zona rural muy castigada por la pobreza y muchas de las familias que all\u00ed residen sufren carencias muy duras. Por eso, desde ATE nos pareci\u00f3 importante aportar para esta celebraci\u00f3n de la que participaron casi un centenar de ni\u00f1os de la zona, que tuvieron la oportunidad de pasar un grato momento y recibir regalos, dejando de lado aunque sea por un d\u00eda la situaci\u00f3n socio econ\u00f3mica en la que est\u00e1n inmersos.<\/p>\n<p><img loading=\"lazy\" decoding=\"async\" class=\"aligncenter size-full wp-image-7288\" src=\"http:\/\/www.atecordoba.org\/wp-content\/uploads\/2016\/09\/WhatsApp-Image-2016-08-30-at-17.32.41-e1472752467457.jpeg\" alt=\"WhatsApp Image 2016-08-30 at 17.32.41\" width=\"550\" height=\"733\" \/><\/p>\n","protected":false},"excerpt":{"rendered":"<p>Nuestro gremio don\u00f3 cajas de golosinas a una iglesia evang\u00e9lica para que los ni\u00f1os de la zona festejen su d\u00eda La iglesia evang\u00e9lica \u201cGente Comprometida con Jes\u00fas\u201d de Capilla de los Remedios organiz\u00f3 un festejo con motivo de cumplirse un nuevo D\u00eda del Ni\u00f1o. Para ello, se vali\u00f3 de donaciones de diversas procedencias, entre ellas [&hellip;]<\/p>\n","protected":false},"author":1,"featured_media":19220,"comment_status":"open","ping_status":"open","sticky":false,"template":"","format":"standard","meta":{"_exactmetrics_skip_tracking":false,"_exactmetrics_sitenote_active":false,"_exactmetrics_sitenote_note":"","_exactmetrics_sitenote_category":0,"jnews-multi-image_gallery":[],"jnews_single_post":[],"jnews_primary_category":[],"jnews_social_meta":[],"jnews_review":[],"enable_review":"","type":"","name":"","summary":"","brand":"","sku":"","good":[],"bad":[],"score_override":"","override_value":"","rating":[],"price":[],"jnews_override_counter":[],"jnews_post_split":[],"footnotes":""},"categories":[75,20],"tags":[],"class_list":["post-7287","post","type-post","status-publish","format-standard","has-post-thumbnail","hentry","category-accion-social","category-municipales"],"jetpack_featured_media_url":"https:\/\/atecordoba.org\/wp-content\/uploads\/2020\/05\/logo-nuevochico-e1561581322808.png","_links":{"self":[{"href":"https:\/\/atecordoba.org\/index.php?rest_route=\/wp\/v2\/posts\/7287","targetHints":{"allow":["GET"]}}],"collection":[{"href":"https:\/\/atecordoba.org\/index.php?rest_route=\/wp\/v2\/posts"}],"about":[{"href":"https:\/\/atecordoba.org\/index.php?rest_route=\/wp\/v2\/types\/post"}],"author":[{"embeddable":true,"href":"https:\/\/atecordoba.org\/index.php?rest_route=\/wp\/v2\/users\/1"}],"replies":[{"embeddable":true,"href":"https:\/\/atecordoba.org\/index.php?rest_route=%2Fwp%2Fv2%2Fcomments&post=7287"}],"version-history":[{"count":0,"href":"https:\/\/atecordoba.org\/index.php?rest_route=\/wp\/v2\/posts\/7287\/revisions"}],"wp:featuredmedia":[{"embeddable":true,"href":"https:\/\/atecordoba.org\/index.php?rest_route=\/wp\/v2\/media\/19220"}],"wp:attachment":[{"href":"https:\/\/atecordoba.org\/index.php?rest_route=%2Fwp%2Fv2%2Fmedia&parent=7287"}],"wp:term":[{"taxonomy":"category","embeddable":true,"href":"https:\/\/atecordoba.org\/index.php?rest_route=%2Fwp%2Fv2%2Fcategories&post=7287"},{"taxonomy":"post_tag","embeddable":true,"href":"https:\/\/atecordoba.org\/index.php?rest_route=%2Fwp%2Fv2%2Ftags&post=7287"}],"curies":[{"name":"wp","href":"https:\/\/api.w.org\/{rel}","templated":true}]}}