{"id":7280,"date":"2016-08-31T16:37:02","date_gmt":"2016-08-31T19:37:02","guid":{"rendered":"http:\/\/www.atecordoba.org\/?p=7280"},"modified":"2016-08-31T16:37:02","modified_gmt":"2016-08-31T19:37:02","slug":"nueva-asamblea-en-el-hospital-neonatal","status":"publish","type":"post","link":"https:\/\/atecordoba.org\/?p=7280","title":{"rendered":"Nueva asamblea en el Hospital Neonatal"},"content":{"rendered":"<p><em>Se discutieron problem\u00e1ticas que se arrastran desde hace varios meses. Participaron familiares de pacientes a quienes se les explic\u00f3 la situaci\u00f3n.<br \/>\n<\/em><\/p>\n<p><img loading=\"lazy\" decoding=\"async\" class=\"aligncenter size-full wp-image-7283\" src=\"http:\/\/www.atecordoba.org\/wp-content\/uploads\/2016\/08\/WhatsApp-Image-2016-08-30-at-11.35.50-e1472672116509.jpeg\" alt=\"WhatsApp Image 2016-08-30 at 11.35.50\" width=\"550\" height=\"412\" \/><\/p>\n<p>Los compa\u00f1eros del Hospital Neonatal realizaron una nueva asamblea en el d\u00eda de ayer, en la que discutieron distintas problem\u00e1ticas que vienen desde hace tiempo. Por un lado, la falta de insumos b\u00e1sicos tales como ropa, gasas, algodones y algunos medicamentos. Por otra parte, la inseguridad que se vive en el nosocomio en especial en horas de la noche, donde queda un solo polic\u00eda en el port\u00f3n de entrada y el resto del edificio queda sin protecci\u00f3n. Adem\u00e1s se debati\u00f3 el problema de las enfermeras que se ven impulsadas a realizar doble turno ya que con el salario de un turno no les alcanza para vivir.<\/p>\n<p>Como siempre, los reclamos se elevaron formalmente a la direcci\u00f3n, desde la cual los compa\u00f1eros recibieron una respuesta que es la habitual: negar las problem\u00e1ticas.<\/p>\n<p><img loading=\"lazy\" decoding=\"async\" class=\"aligncenter size-full wp-image-7281\" src=\"http:\/\/www.atecordoba.org\/wp-content\/uploads\/2016\/08\/WhatsApp-Image-2016-08-30-at-11.35.45-e1472672085458.jpeg\" alt=\"WhatsApp Image 2016-08-30 at 11.35.45\" width=\"550\" height=\"412\" \/><\/p>\n<p>En la asamblea tambi\u00e9n se pusieron sobre la mesa reclamos que importan al general de los trabajadores de la salud y provinciales, como son la necesidad de la reapertura de paritarias y el reclamo por la Caja de Jubilaciones.<\/p>\n<p>Por \u00faltimo, vale destacar que se invit\u00f3 a familiares de pacientes del hospital a participar de la asamblea a fin de exponer y explicar todas estas problem\u00e1ticas, motivos por los cuales la atenci\u00f3n en ocasiones no es la adecuada.<\/p>\n","protected":false},"excerpt":{"rendered":"<p>Se discutieron problem\u00e1ticas que se arrastran desde hace varios meses. Participaron familiares de pacientes a quienes se les explic\u00f3 la situaci\u00f3n. Los compa\u00f1eros del Hospital Neonatal realizaron una nueva asamblea en el d\u00eda de ayer, en la que discutieron distintas problem\u00e1ticas que vienen desde hace tiempo. Por un lado, la falta de insumos b\u00e1sicos tales [&hellip;]<\/p>\n","protected":false},"author":1,"featured_media":19220,"comment_status":"open","ping_status":"open","sticky":false,"template":"","format":"standard","meta":{"_exactmetrics_skip_tracking":false,"_exactmetrics_sitenote_active":false,"_exactmetrics_sitenote_note":"","_exactmetrics_sitenote_category":0,"jnews-multi-image_gallery":[],"jnews_single_post":[],"jnews_primary_category":[],"jnews_social_meta":[],"jnews_review":[],"enable_review":"","type":"","name":"","summary":"","brand":"","sku":"","good":[],"bad":[],"score_override":"","override_value":"","rating":[],"price":[],"jnews_override_counter":[],"jnews_post_split":[],"footnotes":""},"categories":[7,102],"tags":[],"class_list":["post-7280","post","type-post","status-publish","format-standard","has-post-thumbnail","hentry","category-hospitales","category-salud-2"],"jetpack_featured_media_url":"https:\/\/atecordoba.org\/wp-content\/uploads\/2020\/05\/logo-nuevochico-e1561581322808.png","_links":{"self":[{"href":"https:\/\/atecordoba.org\/index.php?rest_route=\/wp\/v2\/posts\/7280","targetHints":{"allow":["GET"]}}],"collection":[{"href":"https:\/\/atecordoba.org\/index.php?rest_route=\/wp\/v2\/posts"}],"about":[{"href":"https:\/\/atecordoba.org\/index.php?rest_route=\/wp\/v2\/types\/post"}],"author":[{"embeddable":true,"href":"https:\/\/atecordoba.org\/index.php?rest_route=\/wp\/v2\/users\/1"}],"replies":[{"embeddable":true,"href":"https:\/\/atecordoba.org\/index.php?rest_route=%2Fwp%2Fv2%2Fcomments&post=7280"}],"version-history":[{"count":0,"href":"https:\/\/atecordoba.org\/index.php?rest_route=\/wp\/v2\/posts\/7280\/revisions"}],"wp:featuredmedia":[{"embeddable":true,"href":"https:\/\/atecordoba.org\/index.php?rest_route=\/wp\/v2\/media\/19220"}],"wp:attachment":[{"href":"https:\/\/atecordoba.org\/index.php?rest_route=%2Fwp%2Fv2%2Fmedia&parent=7280"}],"wp:term":[{"taxonomy":"category","embeddable":true,"href":"https:\/\/atecordoba.org\/index.php?rest_route=%2Fwp%2Fv2%2Fcategories&post=7280"},{"taxonomy":"post_tag","embeddable":true,"href":"https:\/\/atecordoba.org\/index.php?rest_route=%2Fwp%2Fv2%2Ftags&post=7280"}],"curies":[{"name":"wp","href":"https:\/\/api.w.org\/{rel}","templated":true}]}}