{"id":7277,"date":"2016-08-29T17:53:38","date_gmt":"2016-08-29T20:53:38","guid":{"rendered":"http:\/\/www.atecordoba.org\/?p=7277"},"modified":"2016-08-29T17:53:38","modified_gmt":"2016-08-29T20:53:38","slug":"reunion-entre-el-consejo-directivo-provincial-de-ate-y-el-ministro-de-salud","status":"publish","type":"post","link":"https:\/\/atecordoba.org\/?p=7277","title":{"rendered":"Reuni\u00f3n entre el Consejo Directivo Provincial de ATE y el Ministro de Salud"},"content":{"rendered":"<p><em>En la misma se discuti\u00f3 la situaci\u00f3n de trabajadores contratados del sector<\/em><\/p>\n<p>Ante la proximidad de la fecha de vencimiento de contratos de trabajadores de la salud el d\u00eda 31 de agosto y el requerimiento del gremio en tal sentido, se realiz\u00f3 una reuni\u00f3n en el d\u00eda de la fecha en el \u00e1mbito del Ministerio de Salud de la que tomaron parte por el gremio el Secretario Adjunto, Luis Barcena; el Secretario Gremial, Diego Guerra; el Secretario de Prensa, Daniel Pawluchuzk y el Vocal de la conducci\u00f3n, Hugo Dur\u00e1n. En el encuentro el Ministro de Salud, Dr. Francisco Fortuna, ratific\u00f3 la continuidad laboral de todo el personal contratado y monotributistas de ese ministerio durante el corriente a\u00f1o.<\/p>\n<p>Por otra parte, la comisi\u00f3n directiva del gremio aprovech\u00f3 la ocasi\u00f3n para solicitarle al Ministro traslade al poder ejecutivo la necesidad de la reapertura de la discusi\u00f3n salarial del sector de la salud para el corriente a\u00f1o.<\/p>\n","protected":false},"excerpt":{"rendered":"<p>En la misma se discuti\u00f3 la situaci\u00f3n de trabajadores contratados del sector Ante la proximidad de la fecha de vencimiento de contratos de trabajadores de la salud el d\u00eda 31 de agosto y el requerimiento del gremio en tal sentido, se realiz\u00f3 una reuni\u00f3n en el d\u00eda de la fecha en el \u00e1mbito del Ministerio [&hellip;]<\/p>\n","protected":false},"author":1,"featured_media":19220,"comment_status":"open","ping_status":"open","sticky":false,"template":"","format":"standard","meta":{"_exactmetrics_skip_tracking":false,"_exactmetrics_sitenote_active":false,"_exactmetrics_sitenote_note":"","_exactmetrics_sitenote_category":0,"jnews-multi-image_gallery":[],"jnews_single_post":[],"jnews_primary_category":[],"jnews_social_meta":[],"jnews_review":[],"enable_review":"","type":"","name":"","summary":"","brand":"","sku":"","good":[],"bad":[],"score_override":"","override_value":"","rating":[],"price":[],"jnews_override_counter":[],"jnews_post_split":[],"footnotes":""},"categories":[8,102],"tags":[],"class_list":["post-7277","post","type-post","status-publish","format-standard","has-post-thumbnail","hentry","category-provinciales","category-salud-2"],"jetpack_featured_media_url":"https:\/\/atecordoba.org\/wp-content\/uploads\/2020\/05\/logo-nuevochico-e1561581322808.png","_links":{"self":[{"href":"https:\/\/atecordoba.org\/index.php?rest_route=\/wp\/v2\/posts\/7277","targetHints":{"allow":["GET"]}}],"collection":[{"href":"https:\/\/atecordoba.org\/index.php?rest_route=\/wp\/v2\/posts"}],"about":[{"href":"https:\/\/atecordoba.org\/index.php?rest_route=\/wp\/v2\/types\/post"}],"author":[{"embeddable":true,"href":"https:\/\/atecordoba.org\/index.php?rest_route=\/wp\/v2\/users\/1"}],"replies":[{"embeddable":true,"href":"https:\/\/atecordoba.org\/index.php?rest_route=%2Fwp%2Fv2%2Fcomments&post=7277"}],"version-history":[{"count":0,"href":"https:\/\/atecordoba.org\/index.php?rest_route=\/wp\/v2\/posts\/7277\/revisions"}],"wp:featuredmedia":[{"embeddable":true,"href":"https:\/\/atecordoba.org\/index.php?rest_route=\/wp\/v2\/media\/19220"}],"wp:attachment":[{"href":"https:\/\/atecordoba.org\/index.php?rest_route=%2Fwp%2Fv2%2Fmedia&parent=7277"}],"wp:term":[{"taxonomy":"category","embeddable":true,"href":"https:\/\/atecordoba.org\/index.php?rest_route=%2Fwp%2Fv2%2Fcategories&post=7277"},{"taxonomy":"post_tag","embeddable":true,"href":"https:\/\/atecordoba.org\/index.php?rest_route=%2Fwp%2Fv2%2Ftags&post=7277"}],"curies":[{"name":"wp","href":"https:\/\/api.w.org\/{rel}","templated":true}]}}