{"id":7272,"date":"2016-08-29T17:26:38","date_gmt":"2016-08-29T20:26:38","guid":{"rendered":"http:\/\/www.atecordoba.org\/?p=7272"},"modified":"2020-06-09T16:48:52","modified_gmt":"2020-06-09T19:48:52","slug":"se-inauguro-la-casa-de-ate-delegacion-salsacate","status":"publish","type":"post","link":"https:\/\/atecordoba.org\/?p=7272","title":{"rendered":"Se inaugur\u00f3 la casa de ATE delegaci\u00f3n Salsacate"},"content":{"rendered":"<p><em>El acto se realiz\u00f3 el viernes y es un paso importante para el crecimiento de ATE en la regi\u00f3n noroeste<\/em><\/p>\n<p>Dentro de las pol\u00edticas que vienen desarroll\u00e1ndose a trav\u00e9s de la Secretar\u00eda del Interior, uno de los puntos m\u00e1s importantes es el desarrollo del noroeste provincial. Para esto se est\u00e1 trabajando localidad tras localidad para este objetivo, el cual incluye la apertura de casas o delegaciones de ATE, como fue el caso del traslado de la seccional Cruz del Eje.<\/p>\n<p>El d\u00eda viernes 26 se inaugur\u00f3 la casa de la delegaci\u00f3n Salsacate, la cual tendr\u00e1 una zona de cobertura que va por todo el corredor desde Mina Clavero hasta Villa de Soto.<\/p>\n<p><img loading=\"lazy\" decoding=\"async\" class=\"aligncenter size-full wp-image-7275\" src=\"http:\/\/atecordoba.org\/wp-content\/uploads\/2020\/05\/WhatsApp-Image-2016-08-29-at-14.21.08-e1472502346836.jpg\" alt=\"WhatsApp Image 2016-08-29 at 14.21.08\" width=\"550\" height=\"310\" \/><\/p>\n<p>Esta casa cuenta con la participaci\u00f3n de los empleados municipales y comunales de la zona, quienes ser\u00e1n los encargados de comenzar a invitar a los compa\u00f1eros de los otros dos niveles (provincial y nacional).<\/p>\n<p>Estuvieron presentes en dicha inauguraci\u00f3n el Secretario General Adjunto, Luis Barcena; el Secretario de Formaci\u00f3n, Jos\u00e9 Goroso; el compa\u00f1ero Vocal de la conducci\u00f3n y recientemente egresado de la Escuela de Formaci\u00f3n Libertaria Ferrari, Alejandro Charra; los compa\u00f1eros de la seccional Villa Mar\u00eda junto a su Secretario General Jos\u00e9 Mercado y el compa\u00f1ero de la conducci\u00f3n Alberto C\u00f3rdoba; y finalmente el Secretario del Interior, Alejandro Mur\u00faa.<\/p>\n<p><img loading=\"lazy\" decoding=\"async\" class=\"aligncenter size-full wp-image-7274\" src=\"http:\/\/atecordoba.org\/wp-content\/uploads\/2020\/05\/WhatsApp-Image-2016-08-29-at-14.20.41-e1472502328765.jpg\" alt=\"WhatsApp Image 2016-08-29 at 14.20.41\" width=\"550\" height=\"310\" \/><\/p>\n<p>Una vez finalizado el acto de inauguraci\u00f3n, desde la Secretar\u00eda de Formaci\u00f3n del Consejo Directivo Provincial se procedi\u00f3 a dictar un curso de formaci\u00f3n de delegados y nuevos dirigentes para los afiliados de ATE. El Secretario de Formaci\u00f3n abri\u00f3 el curso manifestando que <strong>la nueva pol\u00edtica de ATE es invertir en procesos de federalizaci\u00f3n<\/strong> donde todos convergen al centro. Esta secretar\u00eda comenz\u00f3 con este curso a llevar este tipo de formaci\u00f3n a los lugares de origen de los delegados para ver a prima facie la real situaci\u00f3n de cada uno de ellos y as\u00ed lograr mayor efectividad en los cursos que se dictan.<\/p>\n<p>Esto demuestra el constante y ferviente crecimiento de ATE en el noroeste, brindando herramientas a los compa\u00f1eros para que tengan m\u00e1s representaci\u00f3n en cada una de sus zonas.<\/p>\n<p><img loading=\"lazy\" decoding=\"async\" class=\"aligncenter size-full wp-image-7273\" src=\"http:\/\/atecordoba.org\/wp-content\/uploads\/2020\/05\/WhatsApp-Image-2016-08-29-at-14.18.45-e1472502290942.jpg\" alt=\"WhatsApp Image 2016-08-29 at 14.18.45\" width=\"550\" height=\"310\" \/><\/p>\n","protected":false},"excerpt":{"rendered":"<p>El acto se realiz\u00f3 el viernes y es un paso importante para el crecimiento de ATE en la regi\u00f3n noroeste Dentro de las pol\u00edticas que vienen desarroll\u00e1ndose a trav\u00e9s de la Secretar\u00eda del Interior, uno de los puntos m\u00e1s importantes es el desarrollo del noroeste provincial. Para esto se est\u00e1 trabajando localidad tras localidad para [&hellip;]<\/p>\n","protected":false},"author":1,"featured_media":19479,"comment_status":"open","ping_status":"open","sticky":false,"template":"","format":"standard","meta":{"_exactmetrics_skip_tracking":false,"_exactmetrics_sitenote_active":false,"_exactmetrics_sitenote_note":"","_exactmetrics_sitenote_category":0,"jnews-multi-image_gallery":[],"jnews_single_post":{"subtitle":"","format":"standard","video":"","gallery":"","source_name":"","source_url":"","via_name":"","via_url":"","override_template":"0","override":[{"template":"1","single_blog_custom":"","parallax":"1","fullscreen":"0","layout":"right-sidebar","sidebar":"default-sidebar","second_sidebar":"default-sidebar","sticky_sidebar":"1","share_position":"top","share_float_style":"share-monocrhome","show_share_counter":"1","show_view_counter":"1","show_featured":"1","show_post_meta":"1","show_post_author":"1","show_post_author_image":"1","show_post_date":"1","post_date_format":"default","post_date_format_custom":"Y\/m\/d","show_post_category":"1","show_post_reading_time":"0","post_reading_time_wpm":"300","show_zoom_button":"0","zoom_button_out_step":"2","zoom_button_in_step":"3","show_post_tag":"1","show_prev_next_post":"1","show_popup_post":"1","number_popup_post":"1","show_author_box":"0","show_post_related":"0","show_inline_post_related":"0"}],"override_image_size":"0","image_override":[{"single_post_thumbnail_size":"crop-500","single_post_gallery_size":"crop-500"}],"trending_post":"0","trending_post_position":"meta","trending_post_label":"Trending","sponsored_post":"0","sponsored_post_label":"Sponsored by","sponsored_post_name":"","sponsored_post_url":"","sponsored_post_logo_enable":"0","sponsored_post_logo":"","sponsored_post_desc":""},"jnews_primary_category":{"id":""},"jnews_social_meta":{"fb_title":"","fb_description":"","fb_image":"","twitter_title":"","twitter_description":"","twitter_image":""},"jnews_review":[],"enable_review":"0","type":"percentage","name":"","summary":"","brand":"","sku":"","good":[{"good_text":""}],"bad":[{"bad_text":""}],"score_override":"","override_value":"","rating":[{"rating_text":"","rating_number":"10"}],"price":[{"shop":"","price":"","link":"","icon":""}],"jnews_override_counter":{"override_view_counter":"0","view_counter_number":"0","override_share_counter":"0","share_counter_number":"0","override_like_counter":"0","like_counter_number":"0","override_dislike_counter":"0","dislike_counter_number":"0"},"jnews_post_split":{"enable_post_split":"0","post_split":[{"template":"1","tag":"h2","numbering":"asc","mode":"normal"}]},"footnotes":""},"categories":[34],"tags":[],"class_list":["post-7272","post","type-post","status-publish","format-standard","has-post-thumbnail","hentry","category-seccionales"],"jetpack_featured_media_url":"https:\/\/atecordoba.org\/wp-content\/uploads\/2020\/05\/WhatsApp-Image-2016-08-29-at-14.21.08-e1472502346836.jpg","_links":{"self":[{"href":"https:\/\/atecordoba.org\/index.php?rest_route=\/wp\/v2\/posts\/7272","targetHints":{"allow":["GET"]}}],"collection":[{"href":"https:\/\/atecordoba.org\/index.php?rest_route=\/wp\/v2\/posts"}],"about":[{"href":"https:\/\/atecordoba.org\/index.php?rest_route=\/wp\/v2\/types\/post"}],"author":[{"embeddable":true,"href":"https:\/\/atecordoba.org\/index.php?rest_route=\/wp\/v2\/users\/1"}],"replies":[{"embeddable":true,"href":"https:\/\/atecordoba.org\/index.php?rest_route=%2Fwp%2Fv2%2Fcomments&post=7272"}],"version-history":[{"count":1,"href":"https:\/\/atecordoba.org\/index.php?rest_route=\/wp\/v2\/posts\/7272\/revisions"}],"predecessor-version":[{"id":19482,"href":"https:\/\/atecordoba.org\/index.php?rest_route=\/wp\/v2\/posts\/7272\/revisions\/19482"}],"wp:featuredmedia":[{"embeddable":true,"href":"https:\/\/atecordoba.org\/index.php?rest_route=\/wp\/v2\/media\/19479"}],"wp:attachment":[{"href":"https:\/\/atecordoba.org\/index.php?rest_route=%2Fwp%2Fv2%2Fmedia&parent=7272"}],"wp:term":[{"taxonomy":"category","embeddable":true,"href":"https:\/\/atecordoba.org\/index.php?rest_route=%2Fwp%2Fv2%2Fcategories&post=7272"},{"taxonomy":"post_tag","embeddable":true,"href":"https:\/\/atecordoba.org\/index.php?rest_route=%2Fwp%2Fv2%2Ftags&post=7272"}],"curies":[{"name":"wp","href":"https:\/\/api.w.org\/{rel}","templated":true}]}}