{"id":7266,"date":"2016-08-29T14:42:31","date_gmt":"2016-08-29T17:42:31","guid":{"rendered":"http:\/\/www.atecordoba.org\/?p=7266"},"modified":"2016-08-29T14:42:31","modified_gmt":"2016-08-29T17:42:31","slug":"termino-el-juicio-condena-a-represores-en-la-megacausa-la-perla","status":"publish","type":"post","link":"https:\/\/atecordoba.org\/?p=7266","title":{"rendered":"Termin\u00f3 el juicio: condena a represores en la megacausa La Perla"},"content":{"rendered":"<p><em>ATE acompa\u00f1\u00f3 la masiva convocatoria popular para escuchar la lectura de la sentencia a los dictadores genocidas.<\/em><\/p>\n<p><img loading=\"lazy\" decoding=\"async\" class=\"aligncenter size-full wp-image-7270\" src=\"http:\/\/www.atecordoba.org\/wp-content\/uploads\/2016\/08\/14054441_10154430545126449_6620338314344230123_o-e1472492465651.jpg\" alt=\"14054441_10154430545126449_6620338314344230123_o\" width=\"550\" height=\"309\" \/><\/p>\n<p>En una jornada hist\u00f3rica, el Tribunal Oral Federal n\u00ba1 a cargo del Dr. Jaime D\u00edaz Gavier, conden\u00f3 a prisi\u00f3n perpetua a 28 represores en el juicio de lesa humanidad m\u00e1s grande del interior del pa\u00eds y en la que fue la causa m\u00e1s grande de la historia judicial de nuestra provincia.<\/p>\n<p>Distintas organizaciones sindicales, de derechos humanos, partidos pol\u00edticos, estudiantes, familiares de desaparecidos y v\u00edctimas del terrorismo de Estado le dieron un marco masivo a la lectura de la sentencia, la cual se transmiti\u00f3 en una pantalla gigante dispuesta frente a Tribunales Federales. Entre esas organizaciones estuvo ATE, con la presencia de miembros de la conducci\u00f3n del gremio y representantes de distintos sectores tanto nacionales como provinciales y municipales.<\/p>\n<p>Fue notoria la presencia de estudiantes universitarios y especialmente de estudiantes secundarios, identificados con el uniforme de su colegio y de distintas agrupaciones en las que est\u00e1n organizados. Esto es resultado de la transmisi\u00f3n de la memoria y la conciencia social, ya que son estas nuevas generaciones las que continuar\u00e1n \u00e9sta y otras luchas populares.<\/p>\n<p><img loading=\"lazy\" decoding=\"async\" class=\"aligncenter size-full wp-image-7268\" src=\"http:\/\/www.atecordoba.org\/wp-content\/uploads\/2016\/08\/14124540_10154430545341449_6213746289899454596_o-e1472492447687.jpg\" alt=\"14124540_10154430545341449_6213746289899454596_o\" width=\"550\" height=\"309\" \/><\/p>\n<p><strong>La sentencia<\/strong><\/p>\n<p>Adem\u00e1s de las 28 condenas a prisi\u00f3n perpetua \u2013entre ellas, la decimocuarta para Luciano Benjam\u00edn Men\u00e9ndez y la primera para Ernesto Barreiro-, diez de los acusados fueron condenados con penas de 2 a 14 a\u00f1os de prisi\u00f3n. Finalmente, hubo cinco absueltos.<\/p>\n<p>Las penas dejaron una sensaci\u00f3n de conformidad entre quienes reclaman justicia en las causas por cr\u00edmenes de lesa humanidad. Es para destacar que a varios de los acusados se los conden\u00f3, entre otros hechos, por desaparici\u00f3n de menores.<\/p>\n<p><strong>A futuro<\/strong><\/p>\n<p>Para el \u00e1mbito sindical, pone un manto de justicia sobre los hechos cometidos contra las v\u00edctimas, entre las que se cuenta un gran porcentaje de activistas sindicales. El desaf\u00edo a futuro es profundizar el proyecto de pa\u00eds que qued\u00f3 trunco en la d\u00e9cada de los \u201970 y recuperar los ideales de los compa\u00f1eros desaparecidos para reforzar la organizaci\u00f3n de los trabajadores y la representaci\u00f3n sindical en todos los \u00e1mbitos.<\/p>\n<p><img loading=\"lazy\" decoding=\"async\" class=\"aligncenter size-full wp-image-7269\" src=\"http:\/\/www.atecordoba.org\/wp-content\/uploads\/2016\/08\/14089116_10154430545651449_1697531934933124498_n.jpg\" alt=\"14089116_10154430545651449_1697531934933124498_n\" width=\"325\" height=\"580\" \/><\/p>\n","protected":false},"excerpt":{"rendered":"<p>ATE acompa\u00f1\u00f3 la masiva convocatoria popular para escuchar la lectura de la sentencia a los dictadores genocidas. En una jornada hist\u00f3rica, el Tribunal Oral Federal n\u00ba1 a cargo del Dr. Jaime D\u00edaz Gavier, conden\u00f3 a prisi\u00f3n perpetua a 28 represores en el juicio de lesa humanidad m\u00e1s grande del interior del pa\u00eds y en la [&hellip;]<\/p>\n","protected":false},"author":1,"featured_media":19220,"comment_status":"open","ping_status":"open","sticky":false,"template":"","format":"standard","meta":{"_exactmetrics_skip_tracking":false,"_exactmetrics_sitenote_active":false,"_exactmetrics_sitenote_note":"","_exactmetrics_sitenote_category":0,"jnews-multi-image_gallery":[],"jnews_single_post":[],"jnews_primary_category":[],"jnews_social_meta":[],"jnews_review":[],"enable_review":"","type":"","name":"","summary":"","brand":"","sku":"","good":[],"bad":[],"score_override":"","override_value":"","rating":[],"price":[],"jnews_override_counter":[],"jnews_post_split":[],"footnotes":""},"categories":[122,18],"tags":[],"class_list":["post-7266","post","type-post","status-publish","format-standard","has-post-thumbnail","hentry","category-ddhh","category-nacionales"],"jetpack_featured_media_url":"https:\/\/atecordoba.org\/wp-content\/uploads\/2020\/05\/logo-nuevochico-e1561581322808.png","_links":{"self":[{"href":"https:\/\/atecordoba.org\/index.php?rest_route=\/wp\/v2\/posts\/7266","targetHints":{"allow":["GET"]}}],"collection":[{"href":"https:\/\/atecordoba.org\/index.php?rest_route=\/wp\/v2\/posts"}],"about":[{"href":"https:\/\/atecordoba.org\/index.php?rest_route=\/wp\/v2\/types\/post"}],"author":[{"embeddable":true,"href":"https:\/\/atecordoba.org\/index.php?rest_route=\/wp\/v2\/users\/1"}],"replies":[{"embeddable":true,"href":"https:\/\/atecordoba.org\/index.php?rest_route=%2Fwp%2Fv2%2Fcomments&post=7266"}],"version-history":[{"count":0,"href":"https:\/\/atecordoba.org\/index.php?rest_route=\/wp\/v2\/posts\/7266\/revisions"}],"wp:featuredmedia":[{"embeddable":true,"href":"https:\/\/atecordoba.org\/index.php?rest_route=\/wp\/v2\/media\/19220"}],"wp:attachment":[{"href":"https:\/\/atecordoba.org\/index.php?rest_route=%2Fwp%2Fv2%2Fmedia&parent=7266"}],"wp:term":[{"taxonomy":"category","embeddable":true,"href":"https:\/\/atecordoba.org\/index.php?rest_route=%2Fwp%2Fv2%2Fcategories&post=7266"},{"taxonomy":"post_tag","embeddable":true,"href":"https:\/\/atecordoba.org\/index.php?rest_route=%2Fwp%2Fv2%2Ftags&post=7266"}],"curies":[{"name":"wp","href":"https:\/\/api.w.org\/{rel}","templated":true}]}}