{"id":7249,"date":"2016-08-24T21:46:53","date_gmt":"2016-08-25T00:46:53","guid":{"rendered":"http:\/\/www.atecordoba.org\/?p=7249"},"modified":"2016-08-24T21:46:53","modified_gmt":"2016-08-25T00:46:53","slug":"ddhh-historia-de-madre-e-hijo-delegados-sindicales-a-horas-de-la-sentencia-de-la-mega-causa-la-perla","status":"publish","type":"post","link":"https:\/\/atecordoba.org\/?p=7249","title":{"rendered":"DDHH: historia de madre e hijo delegados sindicales a horas de la sentencia de la mega causa La Perla"},"content":{"rendered":"<p><em>El delegado municipal de ATE Unquillo Antonio Aredes relata la desaparici\u00f3n de su madre durante la dictadura, cuyo caso integra la mega causa La Perla.<\/em><\/p>\n<p><img loading=\"lazy\" decoding=\"async\" class=\"aligncenter size-full wp-image-7250\" src=\"http:\/\/www.atecordoba.org\/wp-content\/uploads\/2016\/08\/DSC_0009-e1472085774800.jpg\" alt=\"DSC_0009\" width=\"550\" height=\"309\" \/><\/p>\n<p>Antonio Aredes es delegado de ATE municipal en Unquillo y forma parte del grupo de compa\u00f1eros que protagoniz\u00f3 un duro conflicto a principios de a\u00f1o con el intendente Jorge Fabrissin, cuando jefe comunal resolvi\u00f3 cesantear a casi la mitad de la planta de trabajadores, incluido el cuerpo de delegados de nuestro gremio.<\/p>\n<p>Reincorporado por la justicia junto al resto de los delegados, Aredes debe afrontar en estos d\u00edas el fin de una historia que carg\u00f3 durante toda su vida, lo marc\u00f3 y quiz\u00e1s determin\u00f3 su vocaci\u00f3n como delegado para representar a sus compa\u00f1eros.<\/p>\n<p>En sus espaldas Antonio suma una dura experiencia de vida que a partir del secuestro y desaparici\u00f3n de su mam\u00e1 Rosario Charo Aredes, que debi\u00f3 presenciar con 13 a\u00f1os, cuando una patota de militares y polic\u00edas ingres\u00f3 a su casa en Unquillo el 26 de marzo de 1976, dos d\u00edas despu\u00e9s del golpe c\u00edvico-militar.<\/p>\n<p>La militancia sindical lo une en el tiempo con su madre: ella era delegada de la comisi\u00f3n interna del Frigor\u00edfico Mediterr\u00e1neo al momento de ser desaparecida.<\/p>\n<p><img loading=\"lazy\" decoding=\"async\" class=\"aligncenter size-full wp-image-7251\" src=\"http:\/\/www.atecordoba.org\/wp-content\/uploads\/2016\/08\/DSC_0011-e1472085830400.jpg\" alt=\"DSC_0011\" width=\"550\" height=\"309\" \/><\/p>\n<p>Ma\u00f1ana, cuando haya sentencia para los genocidas encabezados por multi-condenado ex jefe del Tercer Cuerpo de Ej\u00e9rcito Luciano Benjam\u00edn Men\u00e9ndez, el caso de la desaparici\u00f3n de Charo Aredes est\u00e1 entre los que encontraron justicia a 40 a\u00f1os de sucedidos los cr\u00edmenes.<\/p>\n<p>\u201cCon13 a\u00f1os cuando entraron a mi casa a buscar a mi mam\u00e1, los recuerdo bien a los integrantes de la patota. Se la llevaron y nunca m\u00e1s la vi. Me dejaron solo en la casa (Antonio es hijo \u00fanico y se crio solo con su mam\u00e1) y se llevaron hasta las s\u00e1banas, fue un saqueo adem\u00e1s de secuestro\u201d, cuenta ahora Aredes en su casa de Unquillo.<\/p>\n<p>Para contar su historia, el delegado se para frente al chalet de barrio Progreso donde viv\u00eda en esos a\u00f1os y que hoy tiene en su frente una placa de reconocimiento de la propia municipalidad por el secuestro de su madre.<\/p>\n<p><strong>Charo<\/strong><\/p>\n<p>\u201cMi mam\u00e1 era de Catamarca. Lleg\u00f3 a Unquillo para trabajar en una casa de familia y despu\u00e9s se fue al frigor\u00edfico donde se hizo delegada. Tambi\u00e9n fue militante del ERP-PRT\u201d, cuenta Aredes.<\/p>\n<p>El caso de Charo forma parte de secuestro de nueve trabajadores desaparecidos en el Frigor\u00edfico Mediterr\u00e1neo, entre marzo y agosto del \u201976. El establecimiento pas\u00f3 a llamarse posteriormente Estancias del Sur. Adem\u00e1s de Aredes est\u00e1n desaparecidos los compa\u00f1eros Daniel Horacio Sammart\u00edn,\u00a0Mario Roberto Graieb,\u00a0Aldo Jes\u00fas Cama\u00f1o\u00a0y\u00a0Daniel Hugo Carignano\u00a0\u2013secuestrados el mismo d\u00eda que Charo-, Gustavo Correa,\u00a0\u00a0Eduardo Jos\u00e9 Bicocca,\u00a0Hugo Alberto Junco\u00a0y\u00a0Jos\u00e9 Antonio Andrada. El registro de los nombres de estos trabajadores se encuentra disponible, junto a todos los otros casos investigados para esta causa en \u201cEl diario del Juicio\u201d donde la Comisi\u00f3n Provincial de la Memoria relat\u00f3 los pormenores de los tres a\u00f1os y medio de audiencias. Se puede consultar por internet en <a href=\"http:\/\/www.apm.gov.ar\/\">http:\/\/www.apm.gov.ar\/<\/a><\/p>\n<p><img loading=\"lazy\" decoding=\"async\" class=\"aligncenter size-full wp-image-7252\" src=\"http:\/\/www.atecordoba.org\/wp-content\/uploads\/2016\/08\/WhatsApp-Image-2016-08-17-at-18.25.23-e1472085862682.jpeg\" alt=\"WhatsApp Image 2016-08-17 at 18.25.23\" width=\"550\" height=\"310\" \/><\/p>\n<p>\u201cS\u00e9 por la causa que investig\u00f3 la Justicia que a mi mam\u00e1 la vieron en el campo de detenci\u00f3n, tortura y muerte de La Perla. Pero lo que no s\u00e9 es d\u00f3nde est\u00e1 su cuerpo. Eso quiero yo, un lugar donde llevar una flor. Pero estos genocidas no contaron nada. Por lo menos habr\u00e1 justicia y la gente sabr\u00e1 claramente, sin dudas, qu\u00e9 pas\u00f3 en Unquillo, en C\u00f3rdoba y en el pa\u00eds. Fundamentalmente se sabr\u00e1 que nos pas\u00f3 a los trabajadores en esa \u00e9poca\u201d, reflexiona el compa\u00f1ero.<\/p>\n<p><b>Interventor\u00a0en dictadura, intendente en democracia<\/b><\/p>\n<p>A la hora de relatar su experiencia, Aredes insisti\u00f3 en relacionar aquellos hechos del \u201976 con lo que vivieron su compa\u00f1eros municipales y \u00e9l mismo este a\u00f1o. Porque hay un denominador en com\u00fan: el intendente Fabrissin de\u00a0Uni\u00f3n por C\u00f3rdoba, la alianza provincial que encabeza el Partido Justicialista en la provincia, que inici\u00f3 su mandato el pasado 10 de diciembre con un brutal ajuste sobre el plantel de trabajadores municipales, la tercerizaci\u00f3n y privatizaci\u00f3n de servicios y el cierre de \u00e1reas de trabajo, es al mismo tiempo quien fue designado como interventor de la dictadura en la municipalidad entre 1979 y 1982. Los tres a\u00f1os previos hab\u00eda sido secretario de Hacienda municipal y quien pr\u00e1cticamente manej\u00f3 la comuna.<\/p>\n<p><img loading=\"lazy\" decoding=\"async\" class=\"aligncenter size-full wp-image-7253\" src=\"http:\/\/www.atecordoba.org\/wp-content\/uploads\/2016\/08\/DSC_0025-e1472085969458.jpg\" alt=\"DSC_0025\" width=\"550\" height=\"309\" \/><\/p>\n<p>\u201cComo delegados de ATE tuvimos que protagonizar una experiencia \u00fanica en Unquillo como fue el plan de lucha que vivimos a principios de a\u00f1o, con varios meses de pelea, movilizaciones y una carpa instalada. Antes que apareciese ATE en la Municipalidad no hab\u00eda antecedentes de conflictos, si se dio la lucha fue porque ATE est\u00e1 presente. El intendente despidi\u00f3 de forma ilegal e indiscriminada a obreros, personal administrativo, t\u00e9cnicos, de todo. Mucho de eso estuvo atravesado por la persecuci\u00f3n sindical\u201d, rese\u00f1a Aredes.<\/p>\n<p>El delegado dice que a muchos de los trabajadores los salva estar sindicalizados en ATE. \u201cPero no puedo dejar de pensar que lo que le pas\u00f3 a mi madre y lo que vivimos con los compa\u00f1eros en el municipio a principios de a\u00f1o, con las persecuciones y despidos, tiene algo en com\u00fan. Estamos en democracia y hay justicia, aunque tarde, pero ciertos personajes siguen lamentablemente presentes. Fabrissin es uno de ellos, fue funcional a la dictadura en aquellos a\u00f1os y por lo tanto c\u00f3mplice desde el Estado municipal de lo que pas\u00f3 en el pueblo. Hoy sabemos que el sindicato es quien nos protege pero tambi\u00e9n que el poder no quiere que nos organicemos\u201d, afirma.<\/p>\n<p><img loading=\"lazy\" decoding=\"async\" class=\"aligncenter size-full wp-image-7254\" src=\"http:\/\/www.atecordoba.org\/wp-content\/uploads\/2016\/08\/aaaaa-1-e1472086001424.jpg\" alt=\"aaaaa (1)\" width=\"550\" height=\"308\" \/><\/p>\n<p>Las complicidades civiles de la dictadura son materia pendiente de investigaci\u00f3n en la Justicia pero ciertos personajes deber\u00edan perder espacio dentro de los espacios democr\u00e1ticos al margen de los tiempos judiciales. Unquillo enfrenta hoy ese dilema, mientras ATE contin\u00faa profundizando la organizaci\u00f3n de los municipales.<\/p>\n<p>&nbsp;<\/p>\n","protected":false},"excerpt":{"rendered":"<p>El delegado municipal de ATE Unquillo Antonio Aredes relata la desaparici\u00f3n de su madre durante la dictadura, cuyo caso integra la mega causa La Perla. Antonio Aredes es delegado de ATE municipal en Unquillo y forma parte del grupo de compa\u00f1eros que protagoniz\u00f3 un duro conflicto a principios de a\u00f1o con el intendente Jorge Fabrissin, [&hellip;]<\/p>\n","protected":false},"author":1,"featured_media":19220,"comment_status":"open","ping_status":"open","sticky":false,"template":"","format":"standard","meta":{"_exactmetrics_skip_tracking":false,"_exactmetrics_sitenote_active":false,"_exactmetrics_sitenote_note":"","_exactmetrics_sitenote_category":0,"jnews-multi-image_gallery":[],"jnews_single_post":[],"jnews_primary_category":[],"jnews_social_meta":[],"jnews_review":[],"enable_review":"","type":"","name":"","summary":"","brand":"","sku":"","good":[],"bad":[],"score_override":"","override_value":"","rating":[],"price":[],"jnews_override_counter":[],"jnews_post_split":[],"footnotes":""},"categories":[122,20],"tags":[],"class_list":["post-7249","post","type-post","status-publish","format-standard","has-post-thumbnail","hentry","category-ddhh","category-municipales"],"jetpack_featured_media_url":"https:\/\/atecordoba.org\/wp-content\/uploads\/2020\/05\/logo-nuevochico-e1561581322808.png","_links":{"self":[{"href":"https:\/\/atecordoba.org\/index.php?rest_route=\/wp\/v2\/posts\/7249","targetHints":{"allow":["GET"]}}],"collection":[{"href":"https:\/\/atecordoba.org\/index.php?rest_route=\/wp\/v2\/posts"}],"about":[{"href":"https:\/\/atecordoba.org\/index.php?rest_route=\/wp\/v2\/types\/post"}],"author":[{"embeddable":true,"href":"https:\/\/atecordoba.org\/index.php?rest_route=\/wp\/v2\/users\/1"}],"replies":[{"embeddable":true,"href":"https:\/\/atecordoba.org\/index.php?rest_route=%2Fwp%2Fv2%2Fcomments&post=7249"}],"version-history":[{"count":0,"href":"https:\/\/atecordoba.org\/index.php?rest_route=\/wp\/v2\/posts\/7249\/revisions"}],"wp:featuredmedia":[{"embeddable":true,"href":"https:\/\/atecordoba.org\/index.php?rest_route=\/wp\/v2\/media\/19220"}],"wp:attachment":[{"href":"https:\/\/atecordoba.org\/index.php?rest_route=%2Fwp%2Fv2%2Fmedia&parent=7249"}],"wp:term":[{"taxonomy":"category","embeddable":true,"href":"https:\/\/atecordoba.org\/index.php?rest_route=%2Fwp%2Fv2%2Fcategories&post=7249"},{"taxonomy":"post_tag","embeddable":true,"href":"https:\/\/atecordoba.org\/index.php?rest_route=%2Fwp%2Fv2%2Ftags&post=7249"}],"curies":[{"name":"wp","href":"https:\/\/api.w.org\/{rel}","templated":true}]}}