{"id":7247,"date":"2016-08-23T18:07:56","date_gmt":"2016-08-23T21:07:56","guid":{"rendered":"http:\/\/www.atecordoba.org\/?p=7247"},"modified":"2016-08-23T18:07:56","modified_gmt":"2016-08-23T21:07:56","slug":"reunion-en-el-hospital-rawson-entre-direccion-jefes-de-seccion-y-trabajadores","status":"publish","type":"post","link":"https:\/\/atecordoba.org\/?p=7247","title":{"rendered":"Reuni\u00f3n en el Hospital Rawson entre direcci\u00f3n, jefes de secci\u00f3n y trabajadores"},"content":{"rendered":"<p><em>Se realiz\u00f3 en la jornada de hoy y participaron trabajadores de ATE, de la Interdisciplinaria y una compa\u00f1era de UTS<\/em><\/p>\n<p>La reuni\u00f3n fue convocada por el director del instituto, Dr. Julio Cohen, en virtud del pedido presentado por los trabajadores luego de la asamblea del d\u00eda 18 del corriente. Se traz\u00f3 un panorama de la situaci\u00f3n del hospital, donde los compa\u00f1eros manifestaron su preocupaci\u00f3n por la falta de insumos. El director insisti\u00f3 en que actualmente ese no es un problema grave y adem\u00e1s indic\u00f3 que dentro de poco tiempo se podr\u00e1 reabrir el Pabell\u00f3n 5, cerrado hace a\u00f1os, que agregar\u00eda 27 camas.<\/p>\n<p>Por otro lado, los trabajadores le pidieron al Dr. Cohen mayores definiciones sobre la situaci\u00f3n de contratados y monotributistas. El director respondi\u00f3 que, seg\u00fan lo conversado con el Ministro de Salud, no habr\u00e1 bajas.<\/p>\n<p>De cualquier modo, los trabajadores siguen esperando la apertura de una mesa de di\u00e1logo por parte del gobierno, el cual hasta ahora ha hecho o\u00eddos sordos a los reclamos y s\u00f3lo habl\u00f3 a trav\u00e9s de los medios de comunicaci\u00f3n.<\/p>\n","protected":false},"excerpt":{"rendered":"<p>Se realiz\u00f3 en la jornada de hoy y participaron trabajadores de ATE, de la Interdisciplinaria y una compa\u00f1era de UTS La reuni\u00f3n fue convocada por el director del instituto, Dr. Julio Cohen, en virtud del pedido presentado por los trabajadores luego de la asamblea del d\u00eda 18 del corriente. Se traz\u00f3 un panorama de la [&hellip;]<\/p>\n","protected":false},"author":1,"featured_media":19220,"comment_status":"open","ping_status":"open","sticky":false,"template":"","format":"standard","meta":{"_exactmetrics_skip_tracking":false,"_exactmetrics_sitenote_active":false,"_exactmetrics_sitenote_note":"","_exactmetrics_sitenote_category":0,"jnews-multi-image_gallery":[],"jnews_single_post":[],"jnews_primary_category":[],"jnews_social_meta":[],"jnews_review":[],"enable_review":"","type":"","name":"","summary":"","brand":"","sku":"","good":[],"bad":[],"score_override":"","override_value":"","rating":[],"price":[],"jnews_override_counter":[],"jnews_post_split":[],"footnotes":""},"categories":[7],"tags":[],"class_list":["post-7247","post","type-post","status-publish","format-standard","has-post-thumbnail","hentry","category-hospitales"],"jetpack_featured_media_url":"https:\/\/atecordoba.org\/wp-content\/uploads\/2020\/05\/logo-nuevochico-e1561581322808.png","_links":{"self":[{"href":"https:\/\/atecordoba.org\/index.php?rest_route=\/wp\/v2\/posts\/7247","targetHints":{"allow":["GET"]}}],"collection":[{"href":"https:\/\/atecordoba.org\/index.php?rest_route=\/wp\/v2\/posts"}],"about":[{"href":"https:\/\/atecordoba.org\/index.php?rest_route=\/wp\/v2\/types\/post"}],"author":[{"embeddable":true,"href":"https:\/\/atecordoba.org\/index.php?rest_route=\/wp\/v2\/users\/1"}],"replies":[{"embeddable":true,"href":"https:\/\/atecordoba.org\/index.php?rest_route=%2Fwp%2Fv2%2Fcomments&post=7247"}],"version-history":[{"count":0,"href":"https:\/\/atecordoba.org\/index.php?rest_route=\/wp\/v2\/posts\/7247\/revisions"}],"wp:featuredmedia":[{"embeddable":true,"href":"https:\/\/atecordoba.org\/index.php?rest_route=\/wp\/v2\/media\/19220"}],"wp:attachment":[{"href":"https:\/\/atecordoba.org\/index.php?rest_route=%2Fwp%2Fv2%2Fmedia&parent=7247"}],"wp:term":[{"taxonomy":"category","embeddable":true,"href":"https:\/\/atecordoba.org\/index.php?rest_route=%2Fwp%2Fv2%2Fcategories&post=7247"},{"taxonomy":"post_tag","embeddable":true,"href":"https:\/\/atecordoba.org\/index.php?rest_route=%2Fwp%2Fv2%2Ftags&post=7247"}],"curies":[{"name":"wp","href":"https:\/\/api.w.org\/{rel}","templated":true}]}}