{"id":7242,"date":"2016-08-23T17:56:04","date_gmt":"2016-08-23T20:56:04","guid":{"rendered":"http:\/\/www.atecordoba.org\/?p=7242"},"modified":"2016-08-23T17:56:04","modified_gmt":"2016-08-23T20:56:04","slug":"trabajadores-del-hospital-neonatal-reclamaron-por-falta-de-insumos","status":"publish","type":"post","link":"https:\/\/atecordoba.org\/?p=7242","title":{"rendered":"Trabajadores del Hospital Neonatal reclamaron por falta de insumos"},"content":{"rendered":"<p><em>Realizaron una asamblea de 4 horas por la ma\u00f1ana, que incluy\u00f3 un corte de media calzada en la entrada del nosocomio<\/em><\/p>\n<p><img loading=\"lazy\" decoding=\"async\" class=\"aligncenter size-full wp-image-7243\" src=\"http:\/\/www.atecordoba.org\/wp-content\/uploads\/2016\/08\/WhatsApp-Image-2016-08-23-at-16.18.14-1-e1471984822795.jpeg\" alt=\"WhatsApp Image 2016-08-23 at 16.18.14 (1)\" width=\"550\" height=\"412\" \/><\/p>\n<p>Los trabajadores del Hospital Neonatal se reunieron en asamblea para manifestar su descontento por la falta de insumos en la instituci\u00f3n. Si bien el reclamo ya viene arrastr\u00e1ndose hace tiempo, el problema recrudeci\u00f3 durante el fin de semana y oblig\u00f3 a los compa\u00f1eros a tomar la medida. \u201cNo hay gasas ni ap\u00f3sitos, est\u00e1n tercerizando el servicio de lavander\u00eda siendo que tenemos las m\u00e1quinas para hacer ese trabajo embaladas\u201d, ejemplific\u00f3 Diego Ch\u00e1vez, delegado de ATE en el hospital.<\/p>\n<p>La situaci\u00f3n impuls\u00f3 a los compa\u00f1eros a realizar un corte de media calzada. El jefe de quir\u00f3fano, Dr. Crespo Roca, tambi\u00e9n plante\u00f3 su descontento por la falta de insumos, en coincidencia con la posici\u00f3n de los trabajadores.<\/p>\n<p><img loading=\"lazy\" decoding=\"async\" class=\"aligncenter size-full wp-image-7244\" src=\"http:\/\/www.atecordoba.org\/wp-content\/uploads\/2016\/08\/WhatsApp-Image-2016-08-23-at-16.18.16-1-e1471984901512.jpeg\" alt=\"WhatsApp Image 2016-08-23 at 16.18.16 (1)\" width=\"550\" height=\"412\" \/><\/p>\n<p>Al problema de los insumos se le sumaron otros reclamos que vienen desde principio de a\u00f1o, como falta de personal y las malas condiciones de trabajo. Las enfermeras, por caso, est\u00e1n trabajando doble jornada. Al respecto, Ch\u00e1vez dijo que si bien \u201cno son obligadas a aceptar esta modalidad, la falta de un salario digno las lleva a trabajar en estas condiciones\u201d.<\/p>\n<p>En los pr\u00f3ximos d\u00edas la atenci\u00f3n seguir\u00eda resentida. Ma\u00f1ana a partir de las 8 comienza la asamblea para plegarse al reclamo de ATE sobre la Caja de Jubilaciones de la provincia y el jueves continuar\u00e1n las asambleas donde las bases decidir\u00e1n c\u00f3mo continuar\u00e1 la protesta.<\/p>\n","protected":false},"excerpt":{"rendered":"<p>Realizaron una asamblea de 4 horas por la ma\u00f1ana, que incluy\u00f3 un corte de media calzada en la entrada del nosocomio Los trabajadores del Hospital Neonatal se reunieron en asamblea para manifestar su descontento por la falta de insumos en la instituci\u00f3n. Si bien el reclamo ya viene arrastr\u00e1ndose hace tiempo, el problema recrudeci\u00f3 durante [&hellip;]<\/p>\n","protected":false},"author":1,"featured_media":19220,"comment_status":"open","ping_status":"open","sticky":false,"template":"","format":"standard","meta":{"_exactmetrics_skip_tracking":false,"_exactmetrics_sitenote_active":false,"_exactmetrics_sitenote_note":"","_exactmetrics_sitenote_category":0,"jnews-multi-image_gallery":[],"jnews_single_post":[],"jnews_primary_category":[],"jnews_social_meta":[],"jnews_review":[],"enable_review":"","type":"","name":"","summary":"","brand":"","sku":"","good":[],"bad":[],"score_override":"","override_value":"","rating":[],"price":[],"jnews_override_counter":[],"jnews_post_split":[],"footnotes":""},"categories":[7],"tags":[],"class_list":["post-7242","post","type-post","status-publish","format-standard","has-post-thumbnail","hentry","category-hospitales"],"jetpack_featured_media_url":"https:\/\/atecordoba.org\/wp-content\/uploads\/2020\/05\/logo-nuevochico-e1561581322808.png","_links":{"self":[{"href":"https:\/\/atecordoba.org\/index.php?rest_route=\/wp\/v2\/posts\/7242","targetHints":{"allow":["GET"]}}],"collection":[{"href":"https:\/\/atecordoba.org\/index.php?rest_route=\/wp\/v2\/posts"}],"about":[{"href":"https:\/\/atecordoba.org\/index.php?rest_route=\/wp\/v2\/types\/post"}],"author":[{"embeddable":true,"href":"https:\/\/atecordoba.org\/index.php?rest_route=\/wp\/v2\/users\/1"}],"replies":[{"embeddable":true,"href":"https:\/\/atecordoba.org\/index.php?rest_route=%2Fwp%2Fv2%2Fcomments&post=7242"}],"version-history":[{"count":0,"href":"https:\/\/atecordoba.org\/index.php?rest_route=\/wp\/v2\/posts\/7242\/revisions"}],"wp:featuredmedia":[{"embeddable":true,"href":"https:\/\/atecordoba.org\/index.php?rest_route=\/wp\/v2\/media\/19220"}],"wp:attachment":[{"href":"https:\/\/atecordoba.org\/index.php?rest_route=%2Fwp%2Fv2%2Fmedia&parent=7242"}],"wp:term":[{"taxonomy":"category","embeddable":true,"href":"https:\/\/atecordoba.org\/index.php?rest_route=%2Fwp%2Fv2%2Fcategories&post=7242"},{"taxonomy":"post_tag","embeddable":true,"href":"https:\/\/atecordoba.org\/index.php?rest_route=%2Fwp%2Fv2%2Ftags&post=7242"}],"curies":[{"name":"wp","href":"https:\/\/api.w.org\/{rel}","templated":true}]}}