{"id":7225,"date":"2016-08-19T18:21:51","date_gmt":"2016-08-19T21:21:51","guid":{"rendered":"http:\/\/www.atecordoba.org\/?p=7225"},"modified":"2016-08-19T18:21:51","modified_gmt":"2016-08-19T21:21:51","slug":"fuerte-acatamiento-al-paro-de-ate-en-el-iosfa","status":"publish","type":"post","link":"https:\/\/atecordoba.org\/?p=7225","title":{"rendered":"Fuerte acatamiento al paro de ATE en el IOSE"},"content":{"rendered":"<p><em>Al igual que en el resto del pa\u00eds, los compa\u00f1eros del IOSE en C\u00f3rdoba realizaron hoy un paro total de actividades en reclamo del cumplimiento de acta acuerdo que estableci\u00f3 un aumento de 3000 pesos en concepto de vi\u00e1ticos y dos categor\u00edas de ascenso.<\/em><\/p>\n<p><img loading=\"lazy\" decoding=\"async\" class=\"aligncenter size-full wp-image-7226\" src=\"http:\/\/www.atecordoba.org\/wp-content\/uploads\/2016\/08\/IMG-20160819-WA0056-e1471641641915.jpg\" alt=\"IMG-20160819-WA0056\" width=\"550\" height=\"310\" \/><\/p>\n<p>La medida de fuerza tuvo acatamiento total en la delegaci\u00f3n C\u00f3rdoba del IOSE, el CAR Noroeste, la Farmacia C\u00f3rdobas del organismo, los hoteles de La Falda y Villa General Belgrano, as\u00ed como en los locales de R\u00edo Cuarto y Jes\u00fas Mar\u00eda.<\/p>\n<p>En tanto en C\u00f3rdoba Capital los compa\u00f1eros de la CAR y la Farmacia resolvieron en asamblea realizar un nuevo paro por 48 horas los d\u00edas 24 y 25 del corriente y continuar con las asambleas diarias de dos horas.<\/p>\n<p><img loading=\"lazy\" decoding=\"async\" class=\"aligncenter size-full wp-image-7227\" src=\"http:\/\/www.atecordoba.org\/wp-content\/uploads\/2016\/08\/IMG-20160819-WA0110-e1471641680353.jpg\" alt=\"IMG-20160819-WA0110\" width=\"550\" height=\"309\" \/><\/p>\n<p>El paro obedece a la falta de cumplimiento del acta acuerdo firmada por representantes de ATE y la patronal, que estableci\u00f3 una recomposici\u00f3n salarial de 3000 pesos, incorporados al vi\u00e1tico, y dos categor\u00edas de ascenso.<\/p>\n<p>As\u00ed tambi\u00e9n, se reclama el pase a planta de los trabajadores contratados y el ingreso de personal a \u00e1reas cr\u00edticas.<\/p>\n","protected":false},"excerpt":{"rendered":"<p>Al igual que en el resto del pa\u00eds, los compa\u00f1eros del IOSE en C\u00f3rdoba realizaron hoy un paro total de actividades en reclamo del cumplimiento de acta acuerdo que estableci\u00f3 un aumento de 3000 pesos en concepto de vi\u00e1ticos y dos categor\u00edas de ascenso. La medida de fuerza tuvo acatamiento total en la delegaci\u00f3n C\u00f3rdoba [&hellip;]<\/p>\n","protected":false},"author":1,"featured_media":19220,"comment_status":"open","ping_status":"open","sticky":false,"template":"","format":"standard","meta":{"_exactmetrics_skip_tracking":false,"_exactmetrics_sitenote_active":false,"_exactmetrics_sitenote_note":"","_exactmetrics_sitenote_category":0,"jnews-multi-image_gallery":[],"jnews_single_post":[],"jnews_primary_category":[],"jnews_social_meta":[],"jnews_review":[],"enable_review":"","type":"","name":"","summary":"","brand":"","sku":"","good":[],"bad":[],"score_override":"","override_value":"","rating":[],"price":[],"jnews_override_counter":[],"jnews_post_split":[],"footnotes":""},"categories":[99,18],"tags":[],"class_list":["post-7225","post","type-post","status-publish","format-standard","has-post-thumbnail","hentry","category-iose","category-nacionales"],"jetpack_featured_media_url":"https:\/\/atecordoba.org\/wp-content\/uploads\/2020\/05\/logo-nuevochico-e1561581322808.png","_links":{"self":[{"href":"https:\/\/atecordoba.org\/index.php?rest_route=\/wp\/v2\/posts\/7225","targetHints":{"allow":["GET"]}}],"collection":[{"href":"https:\/\/atecordoba.org\/index.php?rest_route=\/wp\/v2\/posts"}],"about":[{"href":"https:\/\/atecordoba.org\/index.php?rest_route=\/wp\/v2\/types\/post"}],"author":[{"embeddable":true,"href":"https:\/\/atecordoba.org\/index.php?rest_route=\/wp\/v2\/users\/1"}],"replies":[{"embeddable":true,"href":"https:\/\/atecordoba.org\/index.php?rest_route=%2Fwp%2Fv2%2Fcomments&post=7225"}],"version-history":[{"count":0,"href":"https:\/\/atecordoba.org\/index.php?rest_route=\/wp\/v2\/posts\/7225\/revisions"}],"wp:featuredmedia":[{"embeddable":true,"href":"https:\/\/atecordoba.org\/index.php?rest_route=\/wp\/v2\/media\/19220"}],"wp:attachment":[{"href":"https:\/\/atecordoba.org\/index.php?rest_route=%2Fwp%2Fv2%2Fmedia&parent=7225"}],"wp:term":[{"taxonomy":"category","embeddable":true,"href":"https:\/\/atecordoba.org\/index.php?rest_route=%2Fwp%2Fv2%2Fcategories&post=7225"},{"taxonomy":"post_tag","embeddable":true,"href":"https:\/\/atecordoba.org\/index.php?rest_route=%2Fwp%2Fv2%2Ftags&post=7225"}],"curies":[{"name":"wp","href":"https:\/\/api.w.org\/{rel}","templated":true}]}}