{"id":7222,"date":"2016-08-19T14:54:08","date_gmt":"2016-08-19T17:54:08","guid":{"rendered":"http:\/\/www.atecordoba.org\/?p=7222"},"modified":"2016-08-19T14:54:08","modified_gmt":"2016-08-19T17:54:08","slug":"sentencia-de-la-causa-la-perla-verdad-y-justicia-que-nos-merecemos-como-pueblo","status":"publish","type":"post","link":"https:\/\/atecordoba.org\/?p=7222","title":{"rendered":"Sentencia de la Causa La Perla: verdad y justicia que nos merecemos como pueblo"},"content":{"rendered":"<p><em>A punto de finalizar\u00a0 el pr\u00f3ximo 25 de agosto el juicio de lesa humanidad de la mega causa\u00a0 La Perla, el Consejo Directivo Provincial convoca a afiliados, activistas y miembros org\u00e1nicos de ATE a participar de la vigilia que se realizar\u00e1 en las puertas de los Tribunales Federales de C\u00f3rdoba para escuchar la sentencia.<\/em><\/p>\n<p><img loading=\"lazy\" decoding=\"async\" class=\"aligncenter size-full wp-image-7223\" src=\"http:\/\/www.atecordoba.org\/wp-content\/uploads\/2016\/08\/la-perla-juicio.III_-e1471629148416.jpg\" alt=\"la-perla-juicio.III_\" width=\"550\" height=\"309\" \/><\/p>\n<p>Con las banderas, pecheras y s\u00edmbolos identificatorios de nuestro gremio, rendiremos homenaje a aquellos compa\u00f1eros v\u00edctimas del terrorismo de Estado perpetrado durante la \u00faltima dictadura c\u00edvico-militar. Estaremos all\u00ed para reclamar que el tribunal a cargo de juzgar a los genocidas aplique las penas m\u00e1s altas contempladas por el C\u00f3digo Penal, dada la magnitud de la masacre que se juzga y el da\u00f1o causado a las v\u00edctimas, sus familias y el pueblo de C\u00f3rdoba en su conjunto.<\/p>\n<p>Vale se\u00f1alar que no se trat\u00f3 de v\u00edctimas en el sentido abstracto de la palabra, sino de compa\u00f1eros perseguidos, secuestrados, vejados y asesinados por sus ideas pol\u00edticas, su militancia y\/o su compromiso por un pa\u00eds muy diferente al que vivimos hoy, con 30% de pobreza y p\u00e9rdida de la autonom\u00eda nacional, donde la injusticia campea en cada uno de los miles de barrios pobres argentinos.<\/p>\n<p>En ese marco, queremos recordar que la gran cantidad de los asesinados y desaparecidos integraron el movimiento obrero y que esa fue la causa principal de su muerte: el compromiso con el compa\u00f1ero.<\/p>\n<p>Muchos de los casos emblem\u00e1ticos para hacer referencia de compa\u00f1eros como Ren\u00e9 Salamanca o Tom\u00e1s Di Toffino podemos resumirlos en la causa donde se juzga la desaparici\u00f3n de Rosario \u2018Charo\u2019 Aredes, mam\u00e1 de nuestro delegado municipal de ATE en Unquillo Antonio Aredes, delegada en el Frigor\u00edfico Mediterr\u00e1neo y secuestrada el 26 de marzo de 1976, dos d\u00edas despu\u00e9s del golpe de Estado.<\/p>\n<p>Este juicio llega para develar tambi\u00e9n las complicidades civiles, sobre todo empresariales, en la delaci\u00f3n y posterior secuestro de compa\u00f1eros, tendientes a acabar con muchas de las comisiones gremiales internas de diversos lugares de trabajo, como fue el citado Frigor\u00edfico Mediterr\u00e1neo, o Renault o Perkins o Fiat, donde las patotas militares y polic\u00edas tuvieron v\u00eda libre con auspicio patronal. Todo ello est\u00e1 sustanciado en este juicio.<\/p>\n<p>Por eso, si justicia lenta no es justicia, igual preferimos esta lentitud a la impunidad que pretendieron vanamente c\u00e9lebres asesinos y ladrones de la cala\u00f1a de Men\u00e9ndez o Barreiro, por nombrar a dos de los m\u00e1s caracterizados delincuentes genocidas que azolaron nuestra provincia y que en pocos d\u00edas tendr\u00e1n su merecida condena.<\/p>\n<p>Entendemos que llegamos a esta sentencia como resultado de un camino recorrido por el conjunto de la sociedad y de las organizaciones libres del pueblo, que tuvieron la entereza y constancia para lograr que la b\u00fasqueda de justicia se transforme en pol\u00edticas de Estado. Sostenemos que estas pol\u00edticas deben ser preservadas en el tiempo al margen del gobierno de turno.<\/p>\n<p>En esa l\u00ednea, nuestra presencia en Tribunales ser\u00e1 un mensaje tambi\u00e9n para reforzar el papel investigativo de la justicia en los casos aun sin sentencia, sobre todo en aquellos donde el terrorismo de Estado tuvo la mano civil involucrada, incluso desde dentro del propio Poder Judicial.<\/p>\n<p>Superar el pasado pisando los s\u00f3lidos cimientos de la justicia y la verdad forma parte del esfuerzo colectivo para dejarle la patria que se merecen las generaciones futuras.<\/p>\n<p style=\"text-align: right;\">Mar\u00eda Liliana Salerno<\/p>\n<p style=\"text-align: right;\">Secretaria General<\/p>\n","protected":false},"excerpt":{"rendered":"<p>A punto de finalizar\u00a0 el pr\u00f3ximo 25 de agosto el juicio de lesa humanidad de la mega causa\u00a0 La Perla, el Consejo Directivo Provincial convoca a afiliados, activistas y miembros org\u00e1nicos de ATE a participar de la vigilia que se realizar\u00e1 en las puertas de los Tribunales Federales de C\u00f3rdoba para escuchar la sentencia. Con [&hellip;]<\/p>\n","protected":false},"author":1,"featured_media":19220,"comment_status":"open","ping_status":"open","sticky":false,"template":"","format":"standard","meta":{"_exactmetrics_skip_tracking":false,"_exactmetrics_sitenote_active":false,"_exactmetrics_sitenote_note":"","_exactmetrics_sitenote_category":0,"jnews-multi-image_gallery":[],"jnews_single_post":[],"jnews_primary_category":[],"jnews_social_meta":[],"jnews_review":[],"enable_review":"","type":"","name":"","summary":"","brand":"","sku":"","good":[],"bad":[],"score_override":"","override_value":"","rating":[],"price":[],"jnews_override_counter":[],"jnews_post_split":[],"footnotes":""},"categories":[10,122],"tags":[],"class_list":["post-7222","post","type-post","status-publish","format-standard","has-post-thumbnail","hentry","category-accion-politica","category-ddhh"],"jetpack_featured_media_url":"https:\/\/atecordoba.org\/wp-content\/uploads\/2020\/05\/logo-nuevochico-e1561581322808.png","_links":{"self":[{"href":"https:\/\/atecordoba.org\/index.php?rest_route=\/wp\/v2\/posts\/7222","targetHints":{"allow":["GET"]}}],"collection":[{"href":"https:\/\/atecordoba.org\/index.php?rest_route=\/wp\/v2\/posts"}],"about":[{"href":"https:\/\/atecordoba.org\/index.php?rest_route=\/wp\/v2\/types\/post"}],"author":[{"embeddable":true,"href":"https:\/\/atecordoba.org\/index.php?rest_route=\/wp\/v2\/users\/1"}],"replies":[{"embeddable":true,"href":"https:\/\/atecordoba.org\/index.php?rest_route=%2Fwp%2Fv2%2Fcomments&post=7222"}],"version-history":[{"count":0,"href":"https:\/\/atecordoba.org\/index.php?rest_route=\/wp\/v2\/posts\/7222\/revisions"}],"wp:featuredmedia":[{"embeddable":true,"href":"https:\/\/atecordoba.org\/index.php?rest_route=\/wp\/v2\/media\/19220"}],"wp:attachment":[{"href":"https:\/\/atecordoba.org\/index.php?rest_route=%2Fwp%2Fv2%2Fmedia&parent=7222"}],"wp:term":[{"taxonomy":"category","embeddable":true,"href":"https:\/\/atecordoba.org\/index.php?rest_route=%2Fwp%2Fv2%2Fcategories&post=7222"},{"taxonomy":"post_tag","embeddable":true,"href":"https:\/\/atecordoba.org\/index.php?rest_route=%2Fwp%2Fv2%2Ftags&post=7222"}],"curies":[{"name":"wp","href":"https:\/\/api.w.org\/{rel}","templated":true}]}}