{"id":722,"date":"2011-11-16T15:27:42","date_gmt":"2011-11-16T18:27:42","guid":{"rendered":"http:\/\/www.atecordoba.org\/?p=722"},"modified":"2011-11-16T15:27:42","modified_gmt":"2011-11-16T18:27:42","slug":"un-organismo-de-gestion-civil-fuera-de-la-orbita-de-fuerza-aerea","status":"publish","type":"post","link":"https:\/\/atecordoba.org\/?p=722","title":{"rendered":"\u201cUn organismo de gesti\u00f3n civil fuera de la \u00f3rbita de Fuerza A\u00e9rea\u201d"},"content":{"rendered":"<p><img loading=\"lazy\" decoding=\"async\" class=\"aligncenter size-full wp-image-723\" title=\"arton204\" src=\"http:\/\/www.atecordoba.org\/wp-content\/uploads\/2012\/07\/arton204.jpg\" alt=\"\" width=\"400\" height=\"267\" \/><\/p>\n<div>\n<div dir=\"ltr\">\n<p><strong>(C\u00f3rdoba, 16-11-2011)<\/strong><\/p>\n<p><strong>En el plenario nacional celebrado en car\u00e1cter de urgencia, presidido por el Secretario General, Julio Fuentes, se ha evaluado la decisi\u00f3n presidencial de transferir la Administraci\u00f3n Nacional de Aviaci\u00f3n Civil (ANAC) a la \u00f3rbita de la Fuerza A\u00e9rea. En este marco la posici\u00f3n de dirigentes y representantes de los trabajadores del sector, dentro de nuestra organizaci\u00f3n sindical, es ratificar que \u201cla Administraci\u00f3n Nacional de Aviaci\u00f3n Civil (ANAC) contin\u00fae siendo un organismo de gesti\u00f3n civil, por fuera de la \u00f3rbita de Fuerza A\u00e9rea\u201d.<\/strong><\/p>\n<\/div>\n<\/div>\n<div>\n<div dir=\"ltr\">\n<p>El plenario tambi\u00e9n resolvi\u00f3:<\/p>\n<p>1. Reclamar que se garantice el primer nivel de la seguridad operacional recomendada por la Organizaci\u00f3n de Aviaci\u00f3n Civil Internacional (OACI).<\/p>\n<p>2. Manifestar nuestro rechazo a las modificaciones resultantes del decreto 1840 de fecha 12\/11\/11, ya que consideramos que son contrarias a las fundamentaciones que se utilizaron como aval para la creaci\u00f3n de esta administraci\u00f3n a trav\u00e9s del decreto 1770\/07.<\/p>\n<p>3. Acompa\u00f1ar desde todos los \u00e1mbitos de nuestra ATE a todos los trabajadores de la ANAC, para garantizar los espacios generados por nuestra organizaci\u00f3n en defensa de nuestras condiciones laborales, salariales y de estabilidad, sin retroceder un paso en los logros obtenidos hasta el momento.<\/p>\n<p>4. A partir de este momento realizar asambleas en todos y cada uno de los sectores de trabajo dependientes de la ANAC para defender los intereses de todos los trabajadores, para mantener y fortalecer el funcionamiento del organismo en la \u00f3rbita civil.<\/p>\n<p>Junto a Julio Fuentes estuvieron en este plenario la compa\u00f1era Sec. de Organizaci\u00f3n, Silvia Le\u00f3n; y los compa\u00f1eros vocales, Oscar Rey, Patricia Arias y Mario Mu\u00f1oz; adem\u00e1s de los compa\u00f1eros Jorge Ravetti; Sec. Gral Adjunto de la Provincia de Buenos Aires; Diego Guerra, Sec. de Organizaci\u00f3n de la Provincia de C\u00f3rdoba; Ram\u00f3n Farias, Sec. Administrativo de Capital Federal; y compa\u00f1eros delegados y trabajadores de las provincias de Neuqu\u00e9n, Tucum\u00e1n, Salta, Jujuy, San Lu\u00eds, C\u00f3rdoba, Capital Federal y Buenos Aires.<\/p>\n<\/div>\n<\/div>\n","protected":false},"excerpt":{"rendered":"<p>(C\u00f3rdoba, 16-11-2011) En el plenario nacional celebrado en car\u00e1cter de urgencia, presidido por el Secretario General, Julio Fuentes, se ha evaluado la decisi\u00f3n presidencial de transferir la Administraci\u00f3n Nacional de Aviaci\u00f3n Civil (ANAC) a la \u00f3rbita de la Fuerza A\u00e9rea. En este marco la posici\u00f3n de dirigentes y representantes de los trabajadores del sector, dentro [&hellip;]<\/p>\n","protected":false},"author":1,"featured_media":19220,"comment_status":"open","ping_status":"open","sticky":false,"template":"","format":"standard","meta":{"_exactmetrics_skip_tracking":false,"_exactmetrics_sitenote_active":false,"_exactmetrics_sitenote_note":"","_exactmetrics_sitenote_category":0,"jnews-multi-image_gallery":[],"jnews_single_post":[],"jnews_primary_category":[],"jnews_social_meta":[],"jnews_review":[],"enable_review":"","type":"","name":"","summary":"","brand":"","sku":"","good":[],"bad":[],"score_override":"","override_value":"","rating":[],"price":[],"jnews_override_counter":[],"jnews_post_split":[],"footnotes":""},"categories":[18],"tags":[29,11],"class_list":["post-722","post","type-post","status-publish","format-standard","has-post-thumbnail","hentry","category-nacionales","tag-nacionales-2","tag-noticias-2"],"jetpack_featured_media_url":"https:\/\/atecordoba.org\/wp-content\/uploads\/2020\/05\/logo-nuevochico-e1561581322808.png","_links":{"self":[{"href":"https:\/\/atecordoba.org\/index.php?rest_route=\/wp\/v2\/posts\/722","targetHints":{"allow":["GET"]}}],"collection":[{"href":"https:\/\/atecordoba.org\/index.php?rest_route=\/wp\/v2\/posts"}],"about":[{"href":"https:\/\/atecordoba.org\/index.php?rest_route=\/wp\/v2\/types\/post"}],"author":[{"embeddable":true,"href":"https:\/\/atecordoba.org\/index.php?rest_route=\/wp\/v2\/users\/1"}],"replies":[{"embeddable":true,"href":"https:\/\/atecordoba.org\/index.php?rest_route=%2Fwp%2Fv2%2Fcomments&post=722"}],"version-history":[{"count":0,"href":"https:\/\/atecordoba.org\/index.php?rest_route=\/wp\/v2\/posts\/722\/revisions"}],"wp:featuredmedia":[{"embeddable":true,"href":"https:\/\/atecordoba.org\/index.php?rest_route=\/wp\/v2\/media\/19220"}],"wp:attachment":[{"href":"https:\/\/atecordoba.org\/index.php?rest_route=%2Fwp%2Fv2%2Fmedia&parent=722"}],"wp:term":[{"taxonomy":"category","embeddable":true,"href":"https:\/\/atecordoba.org\/index.php?rest_route=%2Fwp%2Fv2%2Fcategories&post=722"},{"taxonomy":"post_tag","embeddable":true,"href":"https:\/\/atecordoba.org\/index.php?rest_route=%2Fwp%2Fv2%2Ftags&post=722"}],"curies":[{"name":"wp","href":"https:\/\/api.w.org\/{rel}","templated":true}]}}