{"id":7218,"date":"2016-08-18T19:01:17","date_gmt":"2016-08-18T22:01:17","guid":{"rendered":"http:\/\/www.atecordoba.org\/?p=7218"},"modified":"2016-08-18T19:01:17","modified_gmt":"2016-08-18T22:01:17","slug":"otra-delegada-municipal-de-ate-reinstalada-por-la-justicia","status":"publish","type":"post","link":"https:\/\/atecordoba.org\/?p=7218","title":{"rendered":"Otra delegada municipal de ATE reinstalada por la Justicia"},"content":{"rendered":"<p><em>Seis meses despu\u00e9s de ser ilegalmente cesanteada por la jefa comunal de los Talares, la delegada de ATE Natalia Tello fue reinstalada por los tribunales de la ciudad de Cura Brochero.<\/em><\/p>\n<p><img loading=\"lazy\" decoding=\"async\" class=\"aligncenter size-full wp-image-7219\" src=\"http:\/\/www.atecordoba.org\/wp-content\/uploads\/2016\/08\/WhatsApp-Image-2016-08-18-at-18.59.50-e1471557642178.jpeg\" alt=\"WhatsApp Image 2016-08-18 at 18.59.50\" width=\"550\" height=\"413\" \/><\/p>\n<p>Tello hizo valer en la instancia judicial la\u00a0tutela sindical que la protege y el reconocimiento que nuestro gremio ostenta en la representaci\u00f3n de los municipales de la localidad. Esto no hab\u00eda sido obst\u00e1culo para que la jefa comunal Nicolasa Dom\u00ednguez iniciara una campa\u00f1a de persecusi\u00f3n contra los delegados de ATE as\u00ed como contra los afiliados de nuestra organizaci\u00f3n.<\/p>\n<p>De esta formas, se confirma la legalidad de ATE en los municipios de interior provincial, a pesar de aquellos intendentes que pretende manejarse con los trabajadores cual patrones de estancia. Al mismo tiempo se reafirman los criterios de libertad y democracia sindical en el \u00e1mbito del Estado, tal como lo viene dictaminando la justicia en todas sus instancias.<\/p>\n<p>En lo sucesivo, ATE, que cuenta con el 100% de la representaci\u00f3n en la comuna de Los Talares, ubicada en Traslasierra, har\u00e1 los planteos necesarios para que finalmente la comuna abone la cuota gremial, cosa que se ha negado a realizar desde que asumi\u00f3 en diciembre pasado.<\/p>\n","protected":false},"excerpt":{"rendered":"<p>Seis meses despu\u00e9s de ser ilegalmente cesanteada por la jefa comunal de los Talares, la delegada de ATE Natalia Tello fue reinstalada por los tribunales de la ciudad de Cura Brochero. Tello hizo valer en la instancia judicial la\u00a0tutela sindical que la protege y el reconocimiento que nuestro gremio ostenta en la representaci\u00f3n de los [&hellip;]<\/p>\n","protected":false},"author":1,"featured_media":19220,"comment_status":"open","ping_status":"open","sticky":false,"template":"","format":"standard","meta":{"_exactmetrics_skip_tracking":false,"_exactmetrics_sitenote_active":false,"_exactmetrics_sitenote_note":"","_exactmetrics_sitenote_category":0,"jnews-multi-image_gallery":[],"jnews_single_post":[],"jnews_primary_category":[],"jnews_social_meta":[],"jnews_review":[],"enable_review":"","type":"","name":"","summary":"","brand":"","sku":"","good":[],"bad":[],"score_override":"","override_value":"","rating":[],"price":[],"jnews_override_counter":[],"jnews_post_split":[],"footnotes":""},"categories":[20],"tags":[],"class_list":["post-7218","post","type-post","status-publish","format-standard","has-post-thumbnail","hentry","category-municipales"],"jetpack_featured_media_url":"https:\/\/atecordoba.org\/wp-content\/uploads\/2020\/05\/logo-nuevochico-e1561581322808.png","_links":{"self":[{"href":"https:\/\/atecordoba.org\/index.php?rest_route=\/wp\/v2\/posts\/7218","targetHints":{"allow":["GET"]}}],"collection":[{"href":"https:\/\/atecordoba.org\/index.php?rest_route=\/wp\/v2\/posts"}],"about":[{"href":"https:\/\/atecordoba.org\/index.php?rest_route=\/wp\/v2\/types\/post"}],"author":[{"embeddable":true,"href":"https:\/\/atecordoba.org\/index.php?rest_route=\/wp\/v2\/users\/1"}],"replies":[{"embeddable":true,"href":"https:\/\/atecordoba.org\/index.php?rest_route=%2Fwp%2Fv2%2Fcomments&post=7218"}],"version-history":[{"count":0,"href":"https:\/\/atecordoba.org\/index.php?rest_route=\/wp\/v2\/posts\/7218\/revisions"}],"wp:featuredmedia":[{"embeddable":true,"href":"https:\/\/atecordoba.org\/index.php?rest_route=\/wp\/v2\/media\/19220"}],"wp:attachment":[{"href":"https:\/\/atecordoba.org\/index.php?rest_route=%2Fwp%2Fv2%2Fmedia&parent=7218"}],"wp:term":[{"taxonomy":"category","embeddable":true,"href":"https:\/\/atecordoba.org\/index.php?rest_route=%2Fwp%2Fv2%2Fcategories&post=7218"},{"taxonomy":"post_tag","embeddable":true,"href":"https:\/\/atecordoba.org\/index.php?rest_route=%2Fwp%2Fv2%2Ftags&post=7218"}],"curies":[{"name":"wp","href":"https:\/\/api.w.org\/{rel}","templated":true}]}}