{"id":7207,"date":"2016-08-16T19:01:53","date_gmt":"2016-08-16T22:01:53","guid":{"rendered":"http:\/\/www.atecordoba.org\/?p=7207"},"modified":"2016-08-16T19:01:53","modified_gmt":"2016-08-16T22:01:53","slug":"la-maternidad-provincial-continua-movilizada","status":"publish","type":"post","link":"https:\/\/atecordoba.org\/?p=7207","title":{"rendered":"La Maternidad provincial contin\u00faa movilizada"},"content":{"rendered":"<p><em>El viernes, un d\u00eda despu\u00e9s del paro, los trabajadores salieron nuevamente a la calle y realizaron un corte para reclamar a las autoridades respuestas a sus reclamos por mejoras salariales, fatal de insumos y m\u00e1s personal.<\/em><\/p>\n<p><img loading=\"lazy\" decoding=\"async\" class=\"aligncenter size-full wp-image-7208\" src=\"http:\/\/www.atecordoba.org\/wp-content\/uploads\/2016\/08\/IMG-20160812-WA0027-e1471384721904.jpg\" alt=\"IMG-20160812-WA0027\" width=\"550\" height=\"412\" \/><\/p>\n<p>Los trabajadores hab\u00edan sido convocados por ATE para una asamblea a primeras horas de la ma\u00f1ana, que posteriormente resolvi\u00f3 abandonar el hospital y trasladarse en movilizaci\u00f3n a la esquina de Agust\u00edn Garz\u00f3n y Uruguay, en el ingreso de barrio San Vicente.<\/p>\n<p>Los compa\u00f1eros reclamaron a las autoridades por la falta de insumos fundamentales para el funcionamiento del hospital y los d\u00e9ficits cr\u00f3nicos en la infraestructura por falta de mantenimiento. Todo esto afecta la atenci\u00f3n de los pacientes del centro de salud, que pertenecen a los sectores m\u00e1s carenciados del este de la capital provincial.<\/p>\n<p><img loading=\"lazy\" decoding=\"async\" class=\"aligncenter size-full wp-image-7209\" src=\"http:\/\/www.atecordoba.org\/wp-content\/uploads\/2016\/08\/IMG-20160812-WA0002-e1471384793802.jpg\" alt=\"IMG-20160812-WA0002\" width=\"550\" height=\"309\" \/><\/p>\n<p>Adem\u00e1s, a los graves problemas estructurales, los compa\u00f1eros suman denuncias por la ca\u00edda de los contratos y la falta de personal en el sector enfermer\u00eda, donde las carencias de trabajadores alcanzan al 30% de lo recomendado para realizar la atenci\u00f3n adecuada.<\/p>\n<p>Todo esto se enmarcas en el extendido reclamo salarial que se inici\u00f3 en el primer trimestre del a\u00f1o, cuando el gobierno de Schiaretti otorg\u00f3 una pauta salarial del 25% para todo el 2016.<\/p>\n<p>\u201cSi tenemos que seguir en la calle lo vamos a hacer porque no le vamos a entregar los hospitales p\u00fablicos a aquellos CEOS del gobierno que quieren hacer negocios a espalda del pueblo\u201d, exclam\u00f3 durante el corte de calle el delegado de ATE Omar Alercia.<\/p>\n<p><img loading=\"lazy\" decoding=\"async\" class=\"aligncenter size-full wp-image-7210\" src=\"http:\/\/www.atecordoba.org\/wp-content\/uploads\/2016\/08\/IMG-20160812-WA0015-e1471384866150.jpg\" alt=\"IMG-20160812-WA0015\" width=\"550\" height=\"412\" \/><\/p>\n<p>Y agreg\u00f3: \u201ccompa\u00f1eros, s\u00f3lo la lucha nos mantiene vivos, recordemos cuando hace dos a\u00f1os vinieron a llevarse puesta la Maternidad para hacer un negocio inmobiliario y entre los trabajadores paramos ese negociado para que el hospital siga en pie gracias a nosotros\u201d.<\/p>\n<p>La movilizaci\u00f3n cont\u00f3 con el apoyo de compa\u00f1eros de UTS.<\/p>\n<p>En la oportunidad estuvieron presentes compa\u00f1eros delegados de sectores nacionales y de diversos hospitales provinciales, as\u00ed como los miembros de Comisi\u00f3n Directiva victor Lecuona, secretario de Organizaci\u00f3n, Diego Guerra, secretaria Gremial, Daniel Pawluchuzk, secretario de Prensa y los vocales Eduardo Pereyra, Hugo Duran y Fernando Castro entre otros.<\/p>\n","protected":false},"excerpt":{"rendered":"<p>El viernes, un d\u00eda despu\u00e9s del paro, los trabajadores salieron nuevamente a la calle y realizaron un corte para reclamar a las autoridades respuestas a sus reclamos por mejoras salariales, fatal de insumos y m\u00e1s personal. Los trabajadores hab\u00edan sido convocados por ATE para una asamblea a primeras horas de la ma\u00f1ana, que posteriormente resolvi\u00f3 [&hellip;]<\/p>\n","protected":false},"author":1,"featured_media":19220,"comment_status":"open","ping_status":"open","sticky":false,"template":"","format":"standard","meta":{"_exactmetrics_skip_tracking":false,"_exactmetrics_sitenote_active":false,"_exactmetrics_sitenote_note":"","_exactmetrics_sitenote_category":0,"jnews-multi-image_gallery":[],"jnews_single_post":[],"jnews_primary_category":[],"jnews_social_meta":[],"jnews_review":[],"enable_review":"","type":"","name":"","summary":"","brand":"","sku":"","good":[],"bad":[],"score_override":"","override_value":"","rating":[],"price":[],"jnews_override_counter":[],"jnews_post_split":[],"footnotes":""},"categories":[7,8],"tags":[],"class_list":["post-7207","post","type-post","status-publish","format-standard","has-post-thumbnail","hentry","category-hospitales","category-provinciales"],"jetpack_featured_media_url":"https:\/\/atecordoba.org\/wp-content\/uploads\/2020\/05\/logo-nuevochico-e1561581322808.png","_links":{"self":[{"href":"https:\/\/atecordoba.org\/index.php?rest_route=\/wp\/v2\/posts\/7207","targetHints":{"allow":["GET"]}}],"collection":[{"href":"https:\/\/atecordoba.org\/index.php?rest_route=\/wp\/v2\/posts"}],"about":[{"href":"https:\/\/atecordoba.org\/index.php?rest_route=\/wp\/v2\/types\/post"}],"author":[{"embeddable":true,"href":"https:\/\/atecordoba.org\/index.php?rest_route=\/wp\/v2\/users\/1"}],"replies":[{"embeddable":true,"href":"https:\/\/atecordoba.org\/index.php?rest_route=%2Fwp%2Fv2%2Fcomments&post=7207"}],"version-history":[{"count":0,"href":"https:\/\/atecordoba.org\/index.php?rest_route=\/wp\/v2\/posts\/7207\/revisions"}],"wp:featuredmedia":[{"embeddable":true,"href":"https:\/\/atecordoba.org\/index.php?rest_route=\/wp\/v2\/media\/19220"}],"wp:attachment":[{"href":"https:\/\/atecordoba.org\/index.php?rest_route=%2Fwp%2Fv2%2Fmedia&parent=7207"}],"wp:term":[{"taxonomy":"category","embeddable":true,"href":"https:\/\/atecordoba.org\/index.php?rest_route=%2Fwp%2Fv2%2Fcategories&post=7207"},{"taxonomy":"post_tag","embeddable":true,"href":"https:\/\/atecordoba.org\/index.php?rest_route=%2Fwp%2Fv2%2Ftags&post=7207"}],"curies":[{"name":"wp","href":"https:\/\/api.w.org\/{rel}","templated":true}]}}