{"id":720,"date":"2011-11-17T17:31:11","date_gmt":"2011-11-17T20:31:11","guid":{"rendered":"http:\/\/www.atecordoba.org\/?p=720"},"modified":"2011-11-17T17:31:11","modified_gmt":"2011-11-17T20:31:11","slug":"ate-declara-estado-de-asamblea-en-el-aeropuerto-cordoba-en-rechazo-al-decreto-presidencial-que-transfiere-el-control-a-la-fuerza-aerea","status":"publish","type":"post","link":"https:\/\/atecordoba.org\/?p=720","title":{"rendered":"ATE declara estado de asamblea en el Aeropuerto C\u00f3rdoba en rechazo al decreto presidencial que transfiere el control a la Fuerza A\u00e9rea"},"content":{"rendered":"<p style=\"text-align: center;\"><img loading=\"lazy\" decoding=\"async\" class=\"aligncenter  wp-image-724\" title=\"arton206\" src=\"http:\/\/www.atecordoba.org\/wp-content\/uploads\/2012\/07\/arton206-1024x768.jpg\" alt=\"\" width=\"502\" height=\"377\" \/><\/p>\n<div>\n<div dir=\"ltr\">\n<p><strong>(C\u00f3rdoba, 17-11-2011)<\/strong><\/p>\n<p><strong>En una asamblea masiva de todo el personal de la Administraci\u00f3n Nacional de Aviaci\u00f3n Civil (ANAC), convocada por ATE, los trabajadores resolvieron establecer el estado de asamblea en el sector, en rechazo al decreto presidencial 1840\/11 que transfiere el control del organismo a la Fuerza A\u00e9rea.<\/strong><\/p>\n<\/div>\n<\/div>\n<div>\n<div dir=\"ltr\">\n<p>La medida incluye una volanteada en la entrada del Aeropuerto a las 10 horas para informar sobre los motivos del rechazo. As\u00ed mismo se declar\u00f3 el estado de alerta y movilizaci\u00f3n a partir de hoy, dejando abiertas las puertas a futuras medidas de fuerza, conforme se desarrollen los acontecimientos. En la oportunidad, estuvieron presentes Mar\u00eda Teresa Romero, secretaria General de ATE C\u00f3rdoba, y Oscar Mengarelli, secretario Adjunto.<\/p>\n<p>Los trabajadores, junto a la conducci\u00f3n de ATE, realizar\u00e1n una conferencia de prensa al finalizar la volanteada.<\/p>\n<\/div>\n<\/div>\n","protected":false},"excerpt":{"rendered":"<p>(C\u00f3rdoba, 17-11-2011) En una asamblea masiva de todo el personal de la Administraci\u00f3n Nacional de Aviaci\u00f3n Civil (ANAC), convocada por ATE, los trabajadores resolvieron establecer el estado de asamblea en el sector, en rechazo al decreto presidencial 1840\/11 que transfiere el control del organismo a la Fuerza A\u00e9rea. La medida incluye una volanteada en la [&hellip;]<\/p>\n","protected":false},"author":1,"featured_media":19220,"comment_status":"open","ping_status":"open","sticky":false,"template":"","format":"standard","meta":{"_exactmetrics_skip_tracking":false,"_exactmetrics_sitenote_active":false,"_exactmetrics_sitenote_note":"","_exactmetrics_sitenote_category":0,"jnews-multi-image_gallery":[],"jnews_single_post":[],"jnews_primary_category":[],"jnews_social_meta":[],"jnews_review":[],"enable_review":"","type":"","name":"","summary":"","brand":"","sku":"","good":[],"bad":[],"score_override":"","override_value":"","rating":[],"price":[],"jnews_override_counter":[],"jnews_post_split":[],"footnotes":""},"categories":[18],"tags":[54,29,11],"class_list":["post-720","post","type-post","status-publish","format-standard","has-post-thumbnail","hentry","category-nacionales","tag-comunicados-de-prensa-2","tag-nacionales-2","tag-noticias-2"],"jetpack_featured_media_url":"https:\/\/atecordoba.org\/wp-content\/uploads\/2020\/05\/logo-nuevochico-e1561581322808.png","_links":{"self":[{"href":"https:\/\/atecordoba.org\/index.php?rest_route=\/wp\/v2\/posts\/720","targetHints":{"allow":["GET"]}}],"collection":[{"href":"https:\/\/atecordoba.org\/index.php?rest_route=\/wp\/v2\/posts"}],"about":[{"href":"https:\/\/atecordoba.org\/index.php?rest_route=\/wp\/v2\/types\/post"}],"author":[{"embeddable":true,"href":"https:\/\/atecordoba.org\/index.php?rest_route=\/wp\/v2\/users\/1"}],"replies":[{"embeddable":true,"href":"https:\/\/atecordoba.org\/index.php?rest_route=%2Fwp%2Fv2%2Fcomments&post=720"}],"version-history":[{"count":0,"href":"https:\/\/atecordoba.org\/index.php?rest_route=\/wp\/v2\/posts\/720\/revisions"}],"wp:featuredmedia":[{"embeddable":true,"href":"https:\/\/atecordoba.org\/index.php?rest_route=\/wp\/v2\/media\/19220"}],"wp:attachment":[{"href":"https:\/\/atecordoba.org\/index.php?rest_route=%2Fwp%2Fv2%2Fmedia&parent=720"}],"wp:term":[{"taxonomy":"category","embeddable":true,"href":"https:\/\/atecordoba.org\/index.php?rest_route=%2Fwp%2Fv2%2Fcategories&post=720"},{"taxonomy":"post_tag","embeddable":true,"href":"https:\/\/atecordoba.org\/index.php?rest_route=%2Fwp%2Fv2%2Ftags&post=720"}],"curies":[{"name":"wp","href":"https:\/\/api.w.org\/{rel}","templated":true}]}}