{"id":7191,"date":"2016-08-12T16:44:10","date_gmt":"2016-08-12T19:44:10","guid":{"rendered":"http:\/\/www.atecordoba.org\/?p=7191"},"modified":"2016-08-12T16:44:10","modified_gmt":"2016-08-12T19:44:10","slug":"alto-acatamiento-al-paro-dispuesto-por-ate","status":"publish","type":"post","link":"https:\/\/atecordoba.org\/?p=7191","title":{"rendered":"Alto acatamiento al paro dispuesto por ATE"},"content":{"rendered":"<p><em>Nacionales y provinciales se movilizaron a Casa de Gobierno reclamando reapertura de paritarias. Tambi\u00e9n participaron delegaciones de municipales del interior.<\/em><\/p>\n<p><img loading=\"lazy\" decoding=\"async\" class=\"aligncenter size-full wp-image-7192\" src=\"http:\/\/www.atecordoba.org\/wp-content\/uploads\/2016\/08\/IMG-20160811-WA0006-e1471029725541.jpg\" alt=\"IMG-20160811-WA0006\" width=\"550\" height=\"309\" \/><\/p>\n<p>Despu\u00e9s de concentrar en sede gremial los trabajadores concurrieron al polo sanitario para iniciar la movilizaci\u00f3n, conjuntamente con gremios como UTS y ATSA u organizaciones de jubilados como las Comisi\u00f3n Permanente de Jubilados y Pensionados y Ajupracor, m\u00e1s compa\u00f1eros integrados a la CTA Aut\u00f3noma, en funci\u00f3n a la propuesta de unidad planteada por ATE, que dio como resultado una multitudinaria movilizaci\u00f3n en las mismas puertas del despacho del gobernador Juan Schiaretti.<\/p>\n<p><img loading=\"lazy\" decoding=\"async\" class=\"aligncenter size-full wp-image-7193\" src=\"http:\/\/www.atecordoba.org\/wp-content\/uploads\/2016\/08\/DSC_0095-e1471029826247.jpg\" alt=\"DSC_0095\" width=\"550\" height=\"309\" \/><\/p>\n<p>La medida de fuerza tuvo fuerte acatamiento en sectores nacionales. Se movilizaron compa\u00f1eros de Universidad Nacional de C\u00f3rdoba, Conicet,\u00a0Ministerio de Desarrollo Social,\u00a0Comisi\u00f3n Nacional de Pensiones,\u00a0Trabajadores Civiles de las FF.AA.,\u00a0IOSFA,\u00a0PAMI, Dioxitex,\u00a0CNEA,\u00a0Senasa,\u00a0Ministerio de Trabajo,\u00a0Secretar\u00eda de Agricultura Familiar,\u00a0INTI,\u00a0CNRT y\u00a0Superintendencia de Salud,\u00a0repudiando\u00a0la pol\u00edtica del gobierno de Macri de despidos, bajos salarios y precarizaci\u00f3n laboral.<\/p>\n<p>Se cont\u00f3 con buena presencia de trabajadores del sector salud provincial, con delegaciones de todos los hospitales de C\u00f3rdoba Capital, incluidos los m\u00e9dicos residentes del sistema sanitario p\u00fablico, muy castigados por los bajos salarios y las sobrecargas horarias. En tanto, desde el interior provincial se movilizaron compa\u00f1eros de los hospitales de Alta Gracia, Unquillo y Villa Mar\u00eda. Desde la administraci\u00f3n central de la provincia marcharon trabajadores de\u00a0Educaci\u00f3n,\u00a0Senaf, Ministerio de\u00a0Desarrollo Social,\u00a0Violencia Familiar y\u00a0Casa del Joven.<\/p>\n<p><img loading=\"lazy\" decoding=\"async\" class=\"aligncenter size-full wp-image-7194\" src=\"http:\/\/www.atecordoba.org\/wp-content\/uploads\/2016\/08\/IMG-20160811-WA0002-e1471030213901.jpg\" alt=\"IMG-20160811-WA0002\" width=\"550\" height=\"309\" \/><\/p>\n<p>A su vez, los municipales del interior estuvieron representados por compa\u00f1eros de San Carlos Minas, Cruz del Eje, San Marcos Sierra, Unquillo, Los Talares y Salsacate.<\/p>\n<p>La movilizaci\u00f3n parti\u00f3 desde la bajada Pucar\u00e1 del Polo Sanitario, con una larga columna que se extendi\u00f3 por cinco cuadras, alcanzando alrededor de 4000 compa\u00f1eros que llegaron al mediod\u00eda a las inmediaciones de Casa de Gobierno.<\/p>\n<p><img loading=\"lazy\" decoding=\"async\" class=\"aligncenter size-full wp-image-7195\" src=\"http:\/\/www.atecordoba.org\/wp-content\/uploads\/2016\/08\/DSC_0066-e1471030392803.jpg\" alt=\"DSC_0066\" width=\"550\" height=\"309\" \/><\/p>\n<p>El palco se levant\u00f3 frente a las vallas policiales, tras las cuales se encuentra el \u2018Panal\u2019 del Ejecutivo provincial.<\/p>\n<p>A la hora de los discursos, el secretario Adjunto de ATE, Luis Barcena, destac\u00f3 la masividad de la protesta impulsada por nuestro gremio en todo el pa\u00eds. \u201cLlevamos varios paros realizados durante este a\u00f1o contra la pol\u00edtica de ajuste de Macri y fuimos los primeros que el 24 de febrero levantamos la voz de alerta que la pauta salarial provincial del 25% no iba a alcanzar. No nos equivocamos\u201d, afirm\u00f3.<\/p>\n<p><img loading=\"lazy\" decoding=\"async\" class=\"aligncenter size-full wp-image-7196\" src=\"http:\/\/www.atecordoba.org\/wp-content\/uploads\/2016\/08\/IMG-20160811-WA0011-e1471030462609.jpg\" alt=\"IMG-20160811-WA0011\" width=\"550\" height=\"309\" \/><\/p>\n<p>El dirigente resalt\u00f3 la urgente necesidad de reabrir las paritarias para discutir una recomposici\u00f3n salarial para el segundo semestre, tanto a nivel nacional como provincial y municipal. \u201cNo pueden pretender desde el poder que veamos perder nuestra capacidad adquisitiva como resultado de la inflaci\u00f3n, los tarifazos, los aumentos de impuestos y todos los costos de las familias que se fueron para arriba. Tienen que pagar salarios dignos que cubran la canasta familiar y para eso estamos en la calle hasta que esto ocurra\u201d.<\/p>\n<p><img loading=\"lazy\" decoding=\"async\" class=\"aligncenter size-full wp-image-7197\" src=\"http:\/\/www.atecordoba.org\/wp-content\/uploads\/2016\/08\/IMG-20160811-WA0027-e1471030578939.jpg\" alt=\"IMG-20160811-WA0027\" width=\"550\" height=\"309\" \/><\/p>\n<p>En ese sentido, Barcena asegur\u00f3 \u00a0que \u201cen defensa de la Caja de Jubilaciones ATE se compromete a realizar la jornada de protesta del 24 de agosto porque la Caja es de los trabajadores y no de los gobiernos de turno. Para eso tenemos que estar todos juntos los gremios del sector p\u00fablico provincial\u201d.<\/p>\n<p>Previamente se expresaron el secretario General de UTS, Arial G\u00f3mez, el integrante de la comisi\u00f3n directiva de ATSA, Carlos Arg\u00fcello, y el secretario General de la CTA-A, Guido Dreizik.<\/p>\n<p><img loading=\"lazy\" decoding=\"async\" class=\"aligncenter size-full wp-image-7203\" src=\"http:\/\/www.atecordoba.org\/wp-content\/uploads\/2016\/08\/WhatsApp-Image-2016-08-12-at-14.24.35-e1471031509491.jpeg\" alt=\"WhatsApp Image 2016-08-12 at 14.24.35\" width=\"550\" height=\"309\" \/><\/p>\n<p>&nbsp;<\/p>\n<p>Posteriormente, finalizado el acto, se hizo entrega en mesa de entrada de la Casa de Gobierno un petitorio suscribieron los tres gremios que participaron de las movilizaci\u00f3n.<\/p>\n<p><strong>En el interior<\/strong><\/p>\n<p>&nbsp;<\/p>\n<p>Por su parte, en el interior provincial, compa\u00f1eros de la seccional Villa Mar\u00eda marcharon desde nuestra sede gremial hasta el centro de la ciudad en una masiva movilizaci\u00f3n de trabajadores de fabricaciones militares. El secretario General Fernando Mercado dijo que ATE demuestra una vez m\u00e1s que es bandera de la lucha contra el ajuste. &#8220;Ya le hicimos seis paros a Macri y vamos a seguir en la pelea hasta que nos escuche&#8221;, afirm\u00f3.<\/p>\n<p><img loading=\"lazy\" decoding=\"async\" class=\"aligncenter size-full wp-image-7200\" src=\"http:\/\/www.atecordoba.org\/wp-content\/uploads\/2016\/08\/villa-maria-4-e1471030887353.jpg\" alt=\"villa maria 4\" width=\"550\" height=\"413\" \/><\/p>\n<p>&nbsp;<\/p>\n<p>Los trabajadores reclaman, adem\u00e1s de la pauta general de apertura de paritarias, la reactivaci\u00f3n de la F\u00e1brica Militar, al igual que sucede en R\u00edo Tercero.<\/p>\n<p><img loading=\"lazy\" decoding=\"async\" class=\"aligncenter size-full wp-image-7201\" src=\"http:\/\/www.atecordoba.org\/wp-content\/uploads\/2016\/08\/IMG-20160811-WA0053.jpg\" alt=\"IMG-20160811-WA0053\" width=\"480\" height=\"270\" \/><\/p>\n<p>Tambi\u00e9n se moviliz\u00f3 un centenar de trabajadores en San Francisco, donde ATE viene realizando un trabajo incipiente de organizaci\u00f3n en diversos sectores provinciales.<\/p>\n","protected":false},"excerpt":{"rendered":"<p>Nacionales y provinciales se movilizaron a Casa de Gobierno reclamando reapertura de paritarias. Tambi\u00e9n participaron delegaciones de municipales del interior. Despu\u00e9s de concentrar en sede gremial los trabajadores concurrieron al polo sanitario para iniciar la movilizaci\u00f3n, conjuntamente con gremios como UTS y ATSA u organizaciones de jubilados como las Comisi\u00f3n Permanente de Jubilados y Pensionados [&hellip;]<\/p>\n","protected":false},"author":1,"featured_media":19220,"comment_status":"open","ping_status":"open","sticky":false,"template":"","format":"standard","meta":{"_exactmetrics_skip_tracking":false,"_exactmetrics_sitenote_active":false,"_exactmetrics_sitenote_note":"","_exactmetrics_sitenote_category":0,"jnews-multi-image_gallery":[],"jnews_single_post":[],"jnews_primary_category":[],"jnews_social_meta":[],"jnews_review":[],"enable_review":"","type":"","name":"","summary":"","brand":"","sku":"","good":[],"bad":[],"score_override":"","override_value":"","rating":[],"price":[],"jnews_override_counter":[],"jnews_post_split":[],"footnotes":""},"categories":[20,18,21,8],"tags":[],"class_list":["post-7191","post","type-post","status-publish","format-standard","has-post-thumbnail","hentry","category-municipales","category-nacionales","category-paro-nacional","category-provinciales"],"jetpack_featured_media_url":"https:\/\/atecordoba.org\/wp-content\/uploads\/2020\/05\/logo-nuevochico-e1561581322808.png","_links":{"self":[{"href":"https:\/\/atecordoba.org\/index.php?rest_route=\/wp\/v2\/posts\/7191","targetHints":{"allow":["GET"]}}],"collection":[{"href":"https:\/\/atecordoba.org\/index.php?rest_route=\/wp\/v2\/posts"}],"about":[{"href":"https:\/\/atecordoba.org\/index.php?rest_route=\/wp\/v2\/types\/post"}],"author":[{"embeddable":true,"href":"https:\/\/atecordoba.org\/index.php?rest_route=\/wp\/v2\/users\/1"}],"replies":[{"embeddable":true,"href":"https:\/\/atecordoba.org\/index.php?rest_route=%2Fwp%2Fv2%2Fcomments&post=7191"}],"version-history":[{"count":0,"href":"https:\/\/atecordoba.org\/index.php?rest_route=\/wp\/v2\/posts\/7191\/revisions"}],"wp:featuredmedia":[{"embeddable":true,"href":"https:\/\/atecordoba.org\/index.php?rest_route=\/wp\/v2\/media\/19220"}],"wp:attachment":[{"href":"https:\/\/atecordoba.org\/index.php?rest_route=%2Fwp%2Fv2%2Fmedia&parent=7191"}],"wp:term":[{"taxonomy":"category","embeddable":true,"href":"https:\/\/atecordoba.org\/index.php?rest_route=%2Fwp%2Fv2%2Fcategories&post=7191"},{"taxonomy":"post_tag","embeddable":true,"href":"https:\/\/atecordoba.org\/index.php?rest_route=%2Fwp%2Fv2%2Ftags&post=7191"}],"curies":[{"name":"wp","href":"https:\/\/api.w.org\/{rel}","templated":true}]}}