{"id":7187,"date":"2016-08-10T16:36:42","date_gmt":"2016-08-10T19:36:42","guid":{"rendered":"http:\/\/www.atecordoba.org\/?p=7187"},"modified":"2016-08-10T16:36:42","modified_gmt":"2016-08-10T19:36:42","slug":"11-de-agosto-paro-de-ate-en-todo-el-pais","status":"publish","type":"post","link":"https:\/\/atecordoba.org\/?p=7187","title":{"rendered":"11 de agosto: Paro de ATE en todo el pa\u00eds"},"content":{"rendered":"<p><em>En concordancia con lo resuelto por la conducci\u00f3n nacional de ATE, el Consejo Directivo Provincial de ATE C\u00f3rdoba y las seccionales de Villa Mar\u00eda, R\u00edo Tercero y R\u00edo Cuarto convocan a un paro de actividades en todo el \u00e1mbito del Estado nacional, provincial y los municipios cordobeses donde nuestro gremio cuenta con representaci\u00f3n.<\/em><br \/>\n<img loading=\"lazy\" decoding=\"async\" class=\"aligncenter size-full wp-image-7188\" src=\"http:\/\/www.atecordoba.org\/wp-content\/uploads\/2016\/08\/paro-nacional-11-8-afiche-e1470857674357.png\" alt=\"paro nacional 11-8 afiche\" width=\"550\" height=\"209\" \/><\/p>\n<p>La medida de fuerza obedece al repudio a las pol\u00edticas de ajuste que lleva adelante el gobierno nacional, provincial y municipalidades, reclamando la reincorporaci\u00f3n de todos los trabajadores injustamente despedidos, la reapertura de las paritarias, el pase a planta permanente y contra la precarizaci\u00f3n laboral, as\u00ed como el reclamo por el tarifazo efectivizado por el Gobierno en contra de los trabajadores y el pueblo en general.<\/p>\n<p>Adem\u00e1s reclamamos:<\/p>\n<ul>\n<li>Salarios iniciales de cada categor\u00eda iguales a la canasta familiar de 20 mil pesos.<\/li>\n<li>Defensa de la Caja de Jubilaciones y rechazo a la armonizaci\u00f3n<\/li>\n<\/ul>\n<p>En consecuencia el paro de actividades se realizar\u00e1 desde las 0 horas de ma\u00f1ana, con abandono de tareas a las 9 y concentraci\u00f3n a las 10 horas en nuestra sede gremial, Entre R\u00edos 450, para movilizarnos.<\/p>\n<p>&nbsp;<\/p>\n<p>Mar\u00eda Liliana Salerno<\/p>\n<p>Secretaria General<\/p>\n","protected":false},"excerpt":{"rendered":"<p>En concordancia con lo resuelto por la conducci\u00f3n nacional de ATE, el Consejo Directivo Provincial de ATE C\u00f3rdoba y las seccionales de Villa Mar\u00eda, R\u00edo Tercero y R\u00edo Cuarto convocan a un paro de actividades en todo el \u00e1mbito del Estado nacional, provincial y los municipios cordobeses donde nuestro gremio cuenta con representaci\u00f3n. La medida [&hellip;]<\/p>\n","protected":false},"author":1,"featured_media":19220,"comment_status":"open","ping_status":"open","sticky":false,"template":"","format":"standard","meta":{"_exactmetrics_skip_tracking":false,"_exactmetrics_sitenote_active":false,"_exactmetrics_sitenote_note":"","_exactmetrics_sitenote_category":0,"jnews-multi-image_gallery":[],"jnews_single_post":[],"jnews_primary_category":[],"jnews_social_meta":[],"jnews_review":[],"enable_review":"","type":"","name":"","summary":"","brand":"","sku":"","good":[],"bad":[],"score_override":"","override_value":"","rating":[],"price":[],"jnews_override_counter":[],"jnews_post_split":[],"footnotes":""},"categories":[21,123],"tags":[],"class_list":["post-7187","post","type-post","status-publish","format-standard","has-post-thumbnail","hentry","category-paro-nacional","category-paro-provincial"],"jetpack_featured_media_url":"https:\/\/atecordoba.org\/wp-content\/uploads\/2020\/05\/logo-nuevochico-e1561581322808.png","_links":{"self":[{"href":"https:\/\/atecordoba.org\/index.php?rest_route=\/wp\/v2\/posts\/7187","targetHints":{"allow":["GET"]}}],"collection":[{"href":"https:\/\/atecordoba.org\/index.php?rest_route=\/wp\/v2\/posts"}],"about":[{"href":"https:\/\/atecordoba.org\/index.php?rest_route=\/wp\/v2\/types\/post"}],"author":[{"embeddable":true,"href":"https:\/\/atecordoba.org\/index.php?rest_route=\/wp\/v2\/users\/1"}],"replies":[{"embeddable":true,"href":"https:\/\/atecordoba.org\/index.php?rest_route=%2Fwp%2Fv2%2Fcomments&post=7187"}],"version-history":[{"count":0,"href":"https:\/\/atecordoba.org\/index.php?rest_route=\/wp\/v2\/posts\/7187\/revisions"}],"wp:featuredmedia":[{"embeddable":true,"href":"https:\/\/atecordoba.org\/index.php?rest_route=\/wp\/v2\/media\/19220"}],"wp:attachment":[{"href":"https:\/\/atecordoba.org\/index.php?rest_route=%2Fwp%2Fv2%2Fmedia&parent=7187"}],"wp:term":[{"taxonomy":"category","embeddable":true,"href":"https:\/\/atecordoba.org\/index.php?rest_route=%2Fwp%2Fv2%2Fcategories&post=7187"},{"taxonomy":"post_tag","embeddable":true,"href":"https:\/\/atecordoba.org\/index.php?rest_route=%2Fwp%2Fv2%2Ftags&post=7187"}],"curies":[{"name":"wp","href":"https:\/\/api.w.org\/{rel}","templated":true}]}}