{"id":7185,"date":"2016-08-09T20:00:05","date_gmt":"2016-08-09T23:00:05","guid":{"rendered":"http:\/\/www.atecordoba.org\/?p=7185"},"modified":"2016-08-09T20:00:05","modified_gmt":"2016-08-09T23:00:05","slug":"voces-destacadas-de-la-inauguracion-de-la-sede-del-cdp","status":"publish","type":"post","link":"https:\/\/atecordoba.org\/?p=7185","title":{"rendered":"Voces destacadas de la inauguraci\u00f3n de la sede del CDP"},"content":{"rendered":"<p><em>Dirigentes de ATE\u00a0destacaron la importancia de la inauguraci\u00f3n de la nueva sede, al igual que organizaciones hermanas.\u00a0<\/em><\/p>\n<p><strong>Mar\u00eda Liliana Salerno, secretaria General del Consejo Directivo Provincial<\/strong><\/p>\n<p><img loading=\"lazy\" decoding=\"async\" class=\"aligncenter size-full wp-image-7175\" src=\"http:\/\/www.atecordoba.org\/wp-content\/uploads\/2016\/08\/salerno-1.png\" alt=\"salerno\" width=\"550\" height=\"366\" \/><\/p>\n<p>Estamos muy acompa\u00f1ados y agradecidos por la presencia de todos los dirigentes de todo el\u00a0 pa\u00eds que est\u00e1n presentes. Es un sue\u00f1o que tuvimos varias generaciones y hoy lo podemos concretar con el aporte y la ayuda de los afiliados, del CDN y hoy estamos disfrutando de este nuevo edificio que queda para el futuro, para los j\u00f3venes que gracias a dios se est\u00e1n sumando a nuestra organizaci\u00f3n.<\/p>\n<p><strong>\u00bfEs un hecho simb\u00f3lico importante que se inaugur\u00e9 esta nueva sede en un a\u00f1o de tanto problema para los trabajadores, de tanto conflicto?<\/strong><\/p>\n<p>Si, es una \u00e9poca muy dif\u00edcil que pasamos los trabajadores y trabajadoras en todo el pa\u00eds. Decidimos abrir esta sede, que dentro de muy poco va a estar habilitada para su funcionamiento, porque falta la habilitaci\u00f3n municipal. Pero cumplimos un sue\u00f1o y para el beneficio de los afiliados y afiliadas de nuestra ATE. Muchas gracias, sentimos que cumplimos una etapa que empezamos una nueva para expandirnos en todo el territorio de la provincia.<\/p>\n<p>&nbsp;<\/p>\n<p><strong>Hugo Godoy, secretario General del CDN<\/strong><\/p>\n<p>Todos estamos felices junto a los cordobeses, por este acto maravilloso. Ac\u00e1 estamos tambi\u00e9n para participar del congreso nacional de ATE, lo que nos da la posibilidad de inaugurar esta nueva sede con compa\u00f1eros de todo el pa\u00eds y transforma al acto en algo de enorme trascendencia.<\/p>\n<p>Ac\u00e1 en C\u00f3rdoba durante casi 10 a\u00f1os el gobernador De la Sota intent\u00f3 negar a ATE como gremio representativo de los trabajadores provinciales. Hasta nos negaba el voluntario aporte de cuota sindical. Sin embrago, revertimos esta situaci\u00f3n desde el gremio con la unidad de los trabajadores del Estado nacional, los municipales que se sumaron masivamente los \u00faltimos a\u00f1os y la actitud valiente y corajuda de los trabajadores del Estado provincial, que hoy llegaron a niveles de conducci\u00f3n nacional de nuestro gremio. Hoy tenemos a la secretaria de Formaci\u00f3n Nacional que fue la secretaria nacional provincial, una trabajadora que viene del Ministerio de Educaci\u00f3n.<img loading=\"lazy\" decoding=\"async\" class=\"size-full wp-image-7176 alignleft\" src=\"http:\/\/www.atecordoba.org\/wp-content\/uploads\/2016\/08\/godoy.png\" alt=\"godoy\" width=\"550\" height=\"366\" \/><\/p>\n<p>O sea que es la voluntad colectiva lo que pudo construir este ATE en crecimiento aqu\u00ed en C\u00f3rdoba y que es un ejemplo para todo el pa\u00eds.<\/p>\n<p>Me dec\u00eda Liliana los proyectos que tienen de abrir nuevas seccionales y esto expresa que en C\u00f3rdoba tenemos un ATE que se multiplica y se extiende en el territorio. Como dec\u00eda el compa\u00f1ero p\u00e1rroco que bendijo el edificio, la extensi\u00f3n de ATE en el territorio en todo el pa\u00eds es de un valor extraordinario que a veces ni nosotros mismos acabamos de dimensionar en su real magnitud. Estamos felices por los compa\u00f1eros y compa\u00f1eras de C\u00f3rdoba que lo hicieron posible.<\/p>\n<p>Esto se da al mismo tiempo que estamos organizando un paro nacional para el 11 de agosto. Todos los trabajadores del Estado nacional, provincial y municipal, estamos discutiendo en asambleas la realizaci\u00f3n de este paro, que adem\u00e1s va a convocar a compa\u00f1eros del \u00e1mbito p\u00fablico y privado lo que da la dimensi\u00f3n muy grande a esta movilizaci\u00f3n que se viene. Esto demuestra que ATE tiene capacidad de lucha y resistencia, capacidad de propuesta y creativa. Construir una casa es hacer el nido donde nos reproducimos y multiplicamos y d\u00f3nde damos lo mejor de nosotros: el amor, el afecto, la capacidad solidaria y la voluntad de construir colectivamente.<\/p>\n<p>Estamos en un momento muy particular de la vida del pa\u00eds y ATE no para de crecer en t\u00e9rminos cuantitativos y cualitativos. Eso es una satisfacci\u00f3n enorme.<\/p>\n<p><strong>Ely Juarez, secretaria General de ATE Santiago del Estero<\/strong><\/p>\n<p><img loading=\"lazy\" decoding=\"async\" class=\"aligncenter size-full wp-image-7181\" src=\"http:\/\/www.atecordoba.org\/wp-content\/uploads\/2016\/08\/ely-juarez.png\" alt=\"ely juarez\" width=\"550\" height=\"366\" \/><\/p>\n<p>Hoy vivimos una emoci\u00f3n muy grande donde vemos volcados todos los aportes de los afiliados, la confianza que depositan los compa\u00f1eros. Es un orgullo esta sede y felicito enormemente a mi compa\u00f1era que sufri\u00f3 mucho porque el ex gobernador no quiso depositar la cuota sindical. Para ese gobierno ahora le estamos tapando la cara con esta obra. La cuota de los trabajadores es para el gremio, para tener la comodidad necesaria para desempe\u00f1ar las tareas cotidianas. Una demostraci\u00f3n de que el aporte de los compa\u00f1eros tiene un resultado concreto, aqu\u00ed y en todo el pa\u00eds, la cuota va en obras, en gestiones, en lucha.<\/p>\n<p><strong>Oscar Cacho Mengarelli, integrante de la conducci\u00f3n Centro Nacional de Jubilados y Pensionados de ATE.<\/strong><\/p>\n<p>Hoy estamos inaugurando un edificio que ahora tenemos el desaf\u00edo de llenar de compa\u00f1eros a trav\u00e9s de la unidad de clase, en la lucha permanente por nuestras reivindicaciones y por transformar nuestra sociedad en otra m\u00e1s justa.<\/p>\n<p>Los trabajadores somos capaces de darle ese contenido a este edificio. El esfuerzo de realizar la obra ya es un logro y estamos orgullosos de poder realizarlo, con esta comunidad que es ATE a nivel nacional, provincial y municipal. Nadie de afuera puso un mango, todo se concret\u00f3 con los recursos genuinos, lo que demuestra que en un gremio donde no se roba se pueden hacer obras y \u00e9stas sirven para organizar a la clase, de lo contrario no tienen sentidos.<img loading=\"lazy\" decoding=\"async\" class=\"size-full wp-image-7180 aligncenter\" src=\"http:\/\/www.atecordoba.org\/wp-content\/uploads\/2016\/08\/cacho.png\" alt=\"cacho\" width=\"550\" height=\"366\" \/><\/p>\n<p>Recuerdo la historia de este gremio, con dirigentes en C\u00f3rdoba como La Perra Castro, que acompa\u00f1\u00f3 a la CGT Legalista en la Secretaria de Actas, con el Serrucho Dreizik como vocal. Esa CGT, previo al Cordobazo, hizo muchas de sus reuniones en este viejo edificio, en ATE. Aqu\u00ed tuvimos protagonistas hist\u00f3ricos y esperamos que con el tiempo no perdamos ese protagonismo.<\/p>\n<p><strong>Fernando Mercado, secretario General de la seccional Villa Mar\u00eda<\/strong><\/p>\n<p>Estamos muy felices en un d\u00eda trascendental para nuestro gremio y para todos los trabajadores, en v\u00edsperas del encuentro de Anusate, donde tendremos una discusi\u00f3n linda, pol\u00edtica, como tenemos siempre en ATE; ma\u00f1ana en el Congreso Nacional de nuestro gremio.<img loading=\"lazy\" decoding=\"async\" class=\"aligncenter size-full wp-image-7177\" src=\"http:\/\/www.atecordoba.org\/wp-content\/uploads\/2016\/08\/mercado.png\" alt=\"mercado\" width=\"550\" height=\"366\" \/><\/p>\n<p>Con los compa\u00f1eros reflexionamos de esta casa de C\u00f3rdoba, donde pasaron muchos referentes como Cacho Mengarell\u00ed, Mar\u00eda Teresa Romero, ahora la compa\u00f1era Liliana Salerno, y con ellos cada equipo de trabajo que pas\u00f3 por ac\u00e1.<br \/>\nCreo que todos colaboraron para que hoy sea realidad el edificio nuevo que seguramente convocar\u00e1 a los trabajadores para que encuentren aqu\u00ed un espacio donde discutir pol\u00edtica en el sindicato.<\/p>\n<p><strong>Mar\u00eda Teresa Romero, secretaria de Formaci\u00f3n CDN<\/strong><\/p>\n<p>Esta obra se inici\u00f3 en nuestro mandato as\u00ed que la emoci\u00f3n es inmensa, que tiene que ver con el reconocimiento a todos esos delegados y a los compa\u00f1eros de ATE que durante a\u00f1os pas\u00e1bamos frio o calor pero nada nos deten\u00eda a la hora de tener que discutir en ese tinglado que ten\u00edamos atr\u00e1s. Fue un gran sue\u00f1o, relacionado con una mirada sobre el futuro.<\/p>\n<p>Como sabemos que nuestro gremio seguir\u00e1 creciendo, estamos preparando la casa como en la casa de uno van viniendo los hijos y levantamos las piezas. As\u00ed ten\u00edamos que preparar a nuestra ATE. Cuando en su momento empezamos a sumar a los municipales, sab\u00edamos que nos iba a hacer falta m\u00e1s espacio.<img loading=\"lazy\" decoding=\"async\" class=\"size-full wp-image-7178 alignright\" src=\"http:\/\/www.atecordoba.org\/wp-content\/uploads\/2016\/08\/tere.png\" alt=\"tere\" width=\"550\" height=\"366\" \/><\/p>\n<p>Esto tiene muchas aristas, en un momento tan dif\u00edcil de nuestro pa\u00eds, haber terminado esta obra\u00a0 sin pedir plata a ninguna otra parte que no sea nuestra ATE nacional, o sea el aporte de los trabajadores de todo el pa\u00eds, muestra a las claras que nuestro gremio toma la decisi\u00f3n pol\u00edtica\u00a0 de administrar los fondos como corresponde. Para nosotros es muy importante.<\/p>\n<p>Despu\u00e9s est\u00e1 el hecho de abrir las puertas para que entren miles, no solo de trabajadores de ATE sino gente de agrupaciones que necesitan lugar donde reunirse, como nos pas\u00f3 a nosotros en alg\u00fan momento. Que el gremio est\u00e9 abierto nos da la posibilidad a los trabajadores de encontrarnos para dar la pelea porque cada vez vienen desde el poder por m\u00e1s derechos nuestros. Cuando no es que nos quieren aumentar la edad jubilatora, o armonizaren el caso de la Caja de Jubilaciones para empeorar la situaci\u00f3n.<\/p>\n<p>Nunca perdemos la esperanza de lograr la reincorporaci\u00f3n de los trabajadores injustamente despedidos, sabemos que en alg\u00fan momento los vamos a recuperar. Desde ese lugar, vamos a generar las condiciones propicias para nuestro gremio es muy importante.<\/p>\n<p>En este marco me siento una privilegiada por el cari\u00f1o que me dan los compa\u00f1eros. Despu\u00e9s de haber trabajado tanto y haberme ido a ATE nacional, donde mis compa\u00f1eros me recibieron all\u00e1 de igual ma\u00f1era, y llegar a esta edad despu\u00e9s de 30 a\u00f1os de militancia viendo que se van logrando cosas, no solo en lo material sino tambi\u00e9n en lo pol\u00edtico, creo que nos damos cuenta que no pasamos de vicio por esta vida. As\u00ed que muy feliz y muy emocionada.<\/p>\n<p><strong>Walter Avalos, secretario General de la seccional R\u00edo Cuarto<\/strong><\/p>\n<p>Estamos muy contentos por el esfuerzo que se hizo y que ahora vemos sus frutos en semejante estructura que se arm\u00f3 y ahora nos queda la tarea de las seccionales y el CDP es llenarla de compa\u00f1eros, con todos los sue\u00f1os, la m\u00edstica, el compromiso, en funci\u00f3n de las expectativas que se generan en los trabajadores del Estado y tambi\u00e9n de los que no trabajan en el Estado. Ac\u00e1 tienen que confluir las organizaciones de la CTA, tiene que ser la casa de los trabajadores, para eso se hizo.<img loading=\"lazy\" decoding=\"async\" class=\"size-full wp-image-7179 alignleft\" src=\"http:\/\/www.atecordoba.org\/wp-content\/uploads\/2016\/08\/walter-avalos.png\" alt=\"walter avalos\" width=\"550\" height=\"366\" \/><\/p>\n<p>Tambi\u00e9n nos pone contentos el marco en el que se da la inauguraci\u00f3n, con compa\u00f1eros de todo el pa\u00eds. Se nota mucha m\u00edstica, mucha alegr\u00eda, y eso quiere decir que a pesar del escenario adverso que se nos presenta a los trabajadores estatales en todos los \u00e1mbitos, ya sea nacional, provincial o municipal, estamos por la ofensiva y por eso estamos hoy ac\u00e1.<\/p>\n<p>Le estamos dando un mensaje al gobierno pero tambi\u00e9n a los trabajadores: a pesar de este a\u00f1o duro ATE est\u00e1 fuerte para dar la pelea ante el ajuste. Que los compa\u00f1eros tengan en cuenta que ATE est\u00e1 en pie de lucha sin resignar ninguno de los derechos adquiridos. Entendemos que esos derechos fueron conquistas de los trabajadores y por eso creo que ATE tiene que ser la punta de lanza para el nuevo entramado que se va a dar en el movimiento obrero.<\/p>\n<p>Seguramente que ATE ser\u00e1 una pieza fundamental de ese entramado y hoy estamos demostrando que estamos m\u00e1s fuertes que nunca y sobre todo lo demostramos teniendo el apoyo de todos los compa\u00f1eros del pa\u00eds. No es un dato menor que hayan venido a la inauguraci\u00f3n del CDP y est\u00e9n todos ac\u00e1 aportando su grano de arena con su presencia pero tambi\u00e9n con el aporte en el debate.<\/p>\n<p>&nbsp;<\/p>\n<p><strong>Sindicato de Aceiteros Tancacha, Miguel Ferreyra Secretario General <\/strong><\/p>\n<p>Estamos contentos por la invitaci\u00f3n. Con ATE tenemos los abogados en com\u00fan y bueno tenemos muchos puntos de vista compartidos en esto de la lucha y de entender a la clase trabajadora. Es un orgullo saber que nuestros compa\u00f1eros van creciendo, que es lo que significa un nuevo edificio. Nos gustar\u00eda tener un desarrollo institucional como el de ustedes y trabajamos en ese camino.<img loading=\"lazy\" decoding=\"async\" class=\"aligncenter size-full wp-image-7182\" src=\"http:\/\/www.atecordoba.org\/wp-content\/uploads\/2016\/08\/tanchaca.png\" alt=\"tanchaca\" width=\"550\" height=\"366\" \/><\/p>\n<p>En cuanto a la coyuntura, desde que entr\u00f3 este nuevo gobierno, que va en contra de la clase trabajadora. Estamos de acuerdo con ATE en que es las conci9encia de lucha lo que nos mantiene vivos. Falta lograr m\u00e1s unidad en la acci\u00f3n con otras organizaciones porque sino a este gobierno de ultraderecha no le hacemos ni sombra. Esa es nuestra idea desde siempre y queremos contagiar a los dem\u00e1s compa\u00f1eros, sabiendo que esta actitud es la \u00fanica que no0s va a reivindicar por los derechos conseguidos y mantenerlos.<\/p>\n<p><strong>Soledad Garc\u00eda. Asociaci\u00f3n Civil de Ex Presos Pol\u00edticos de C\u00f3rdoba.<\/strong><\/p>\n<p>Es bienvenida la nueva estructura cuando se le da sentido y contenido. Hoy que hay muchos sindicatos que son empresas, creo que el sentido que tiene este acto en ATE, que siempre abri\u00f3 las puertas a pesar de sus limitaciones de la sede anterior, nos lleva a reflexionar a pensar que la lucha es lo importante.<\/p>\n<p><img loading=\"lazy\" decoding=\"async\" class=\"aligncenter size-full wp-image-7183\" src=\"http:\/\/www.atecordoba.org\/wp-content\/uploads\/2016\/08\/sole-garcia.png\" alt=\"sole garcia\" width=\"550\" height=\"366\" \/><\/p>\n<p>Nosotros que pertenecemos a la CTA Aut\u00f3noma, en esta coyuntura de gobiernos de absoluta derecha neoliberal, volvemos en algunas cuestiones a etapas que cre\u00edamos superadas.<\/p>\n<p>Creemos que hay un retroceso pero que como trabajadores no retrocedemos. Por eso desde la Asociaci\u00f3n de Ex Presos tenemos puesta la mira en el d\u00eda de la sentencia de la Mega Causa por delitos de lesa Humanidad la Perla, e invitamos a los compa\u00f1eros de ATE y a los trabajadores en general a estar presentes el d\u00eda de la sentencia, participar org\u00e1nicamente. El juicio es de todos. Si bien la sociedad no pudo rodear masivamente las audiencias, se los ha sostenido por mucho tiempo a trav\u00e9s de los organismos, los querellantes y eso es importante.<\/p>\n<p>Creo que hay que darle el mensaje a la sociedad de lo que implica esta condena en esta causa, que abarca a 11 provincias de todo el pa\u00eds. Por eso esta presencia el d\u00eda de la sentencia tiene que ser viva, cierta, para que contin\u00faen los juicios en la condena a los c\u00f3mplices civiles y el movimiento obrero sabe mucho de eso.<\/p>\n<p>Que ATE tenga su lugar, que contemos con la presencia de dirigentes nacionales, de todos los puntos de la provincia, rodea de trabajadores esta lucha.<\/p>\n<p>La contenci\u00f3n que \u00a0ATE dio siempre a las luchas de trabajadores de distintos sectores marca un perfil de gremio que lo diferencia de los sindicatos empresarios y por eso no pone muy feliz este momento que viven.<\/p>\n<p><strong>Agentes de Propaganda M\u00e9dica<\/strong><\/p>\n<p>Daniel Romero (tesorero): Vinimos a la inauguraci\u00f3n del nuevo edificio\u00a0 que expresa como los compa\u00f1eros de ATE van progresando d\u00eda a d\u00eda para un mejor futuro de la masa de los trabajadores. Creo que el esfuerzo se nota.<\/p>\n<p><img loading=\"lazy\" decoding=\"async\" class=\"aligncenter size-full wp-image-7184\" src=\"http:\/\/www.atecordoba.org\/wp-content\/uploads\/2016\/08\/propaganda-medica.png\" alt=\"propaganda medica\" width=\"550\" height=\"366\" \/><\/p>\n<p>Sergio Pace (gremial): Por supuesto que es un buen augurio, porque el crecimiento de esta gente es espectacular. En la coyuntura que est\u00e1 pasando el pa\u00eds esta obra es lago destacable. Mucho m\u00e9rito en la perseverancia y la constancia. Fue un buen desaf\u00edo y los resultados est\u00e1n a la vista.<\/p>\n<p>&nbsp;<\/p>\n","protected":false},"excerpt":{"rendered":"<p>Dirigentes de ATE\u00a0destacaron la importancia de la inauguraci\u00f3n de la nueva sede, al igual que organizaciones hermanas.\u00a0 Mar\u00eda Liliana Salerno, secretaria General del Consejo Directivo Provincial Estamos muy acompa\u00f1ados y agradecidos por la presencia de todos los dirigentes de todo el\u00a0 pa\u00eds que est\u00e1n presentes. Es un sue\u00f1o que tuvimos varias generaciones y hoy lo [&hellip;]<\/p>\n","protected":false},"author":1,"featured_media":19220,"comment_status":"open","ping_status":"open","sticky":false,"template":"","format":"standard","meta":{"_exactmetrics_skip_tracking":false,"_exactmetrics_sitenote_active":false,"_exactmetrics_sitenote_note":"","_exactmetrics_sitenote_category":0,"jnews-multi-image_gallery":[],"jnews_single_post":[],"jnews_primary_category":[],"jnews_social_meta":[],"jnews_review":[],"enable_review":"","type":"","name":"","summary":"","brand":"","sku":"","good":[],"bad":[],"score_override":"","override_value":"","rating":[],"price":[],"jnews_override_counter":[],"jnews_post_split":[],"footnotes":""},"categories":[1],"tags":[],"class_list":["post-7185","post","type-post","status-publish","format-standard","has-post-thumbnail","hentry","category-sin-categoria"],"jetpack_featured_media_url":"https:\/\/atecordoba.org\/wp-content\/uploads\/2020\/05\/logo-nuevochico-e1561581322808.png","_links":{"self":[{"href":"https:\/\/atecordoba.org\/index.php?rest_route=\/wp\/v2\/posts\/7185","targetHints":{"allow":["GET"]}}],"collection":[{"href":"https:\/\/atecordoba.org\/index.php?rest_route=\/wp\/v2\/posts"}],"about":[{"href":"https:\/\/atecordoba.org\/index.php?rest_route=\/wp\/v2\/types\/post"}],"author":[{"embeddable":true,"href":"https:\/\/atecordoba.org\/index.php?rest_route=\/wp\/v2\/users\/1"}],"replies":[{"embeddable":true,"href":"https:\/\/atecordoba.org\/index.php?rest_route=%2Fwp%2Fv2%2Fcomments&post=7185"}],"version-history":[{"count":0,"href":"https:\/\/atecordoba.org\/index.php?rest_route=\/wp\/v2\/posts\/7185\/revisions"}],"wp:featuredmedia":[{"embeddable":true,"href":"https:\/\/atecordoba.org\/index.php?rest_route=\/wp\/v2\/media\/19220"}],"wp:attachment":[{"href":"https:\/\/atecordoba.org\/index.php?rest_route=%2Fwp%2Fv2%2Fmedia&parent=7185"}],"wp:term":[{"taxonomy":"category","embeddable":true,"href":"https:\/\/atecordoba.org\/index.php?rest_route=%2Fwp%2Fv2%2Fcategories&post=7185"},{"taxonomy":"post_tag","embeddable":true,"href":"https:\/\/atecordoba.org\/index.php?rest_route=%2Fwp%2Fv2%2Ftags&post=7185"}],"curies":[{"name":"wp","href":"https:\/\/api.w.org\/{rel}","templated":true}]}}