{"id":7167,"date":"2016-08-08T13:21:44","date_gmt":"2016-08-08T16:21:44","guid":{"rendered":"http:\/\/www.atecordoba.org\/?p=7167"},"modified":"2016-08-08T13:21:44","modified_gmt":"2016-08-08T16:21:44","slug":"abogado-de-ate-es-el-nuevo-presidente-de-la-asociacion-de-abogados-laboralistas","status":"publish","type":"post","link":"https:\/\/atecordoba.org\/?p=7167","title":{"rendered":"Abogado de ATE es el nuevo presidente de la Asociaci\u00f3n de Abogados Laboralistas"},"content":{"rendered":"<p><em>El Director del Departamento Jur\u00eddico del CDN de ATE, Mat\u00edas Cremonte, fue electo nuevo presidente de la Asociaci\u00f3n de Abogados Laboralistas (AAL).<\/em><\/p>\n<p><img loading=\"lazy\" decoding=\"async\" class=\"aligncenter size-full wp-image-7171\" src=\"http:\/\/www.atecordoba.org\/wp-content\/uploads\/2016\/08\/cremonte-e1470673240206.jpg\" alt=\"cremonte\" width=\"550\" height=\"361\" \/><\/p>\n<p><span style=\"font-style: inherit; font-weight: inherit;\">Cremonte estar\u00e1 al frente de esta entidad en los pr\u00f3ximos dos a\u00f1os y fue elegido por sus pares, como el producto de una lista de unidad. La n\u00f3mina fue proclamada el mi\u00e9rcoles por la noche\u00a0en el auditorio de ATE y \u00a0reemplazar\u00e1 en la presidencia a Le\u00f3n Piasek (abogado la Asociaci\u00f3n Argentina de Actores, SiPreba, entre otros sindicatos).<\/span><\/p>\n<p><span style=\"font-style: inherit; font-weight: inherit;\"><span style=\"font-style: inherit; font-weight: inherit;\">El titular del departamento jur\u00eddico de ATE. Tambi\u00e9n asesor de la federaci\u00f3n Aceitera y de la Ceramista, ser\u00e1 secundado en AAL por Luis Enrique Ram\u00edrez, a la vez presidente de la Asociaci\u00f3n Latinoamericana de Abogados Laboralistas.<\/span><\/span><\/p>\n<p><span style=\"font-style: inherit; font-weight: inherit;\"><span style=\"font-style: inherit; font-weight: inherit;\">El nuevo Consejo Directivo se completar\u00e1 con Mar\u00eda Paula Lozano, Sandra Fojo, Cyntia Benzi\u00f3n, Leonardo Elgorriaga, Alejandra Bernat, Mariano Su\u00e1rez y Juan Lenta. Como revisores de cuentas actuar\u00e1n Le\u00f3n Piasek, Guillermo Pajoni, Carlos Szternsztejn y Humberto Dar\u00edo Delle Chiaie.<\/span><\/span><\/p>\n<p><span style=\"font-style: inherit; font-weight: inherit;\"><span style=\"font-style: inherit; font-weight: inherit;\">La Asociaci\u00f3n de Abogados Laboralistas, que en los 90 estuvo en el centro de la atenci\u00f3n p\u00fablica por su rol decisivo en la ca\u00edda de la Corte Suprema menemista, hoy sostiene entre sus demandas la recuperaci\u00f3n de la Justicia del Trabajo, amenazada por proyectos oficiales, a la vez que ha cuestionado las limitaciones del derecho de huelga que impuso recientemente la Corte Suprema.<\/span><\/span><\/p>\n","protected":false},"excerpt":{"rendered":"<p>El Director del Departamento Jur\u00eddico del CDN de ATE, Mat\u00edas Cremonte, fue electo nuevo presidente de la Asociaci\u00f3n de Abogados Laboralistas (AAL). Cremonte estar\u00e1 al frente de esta entidad en los pr\u00f3ximos dos a\u00f1os y fue elegido por sus pares, como el producto de una lista de unidad. La n\u00f3mina fue proclamada el mi\u00e9rcoles por [&hellip;]<\/p>\n","protected":false},"author":1,"featured_media":19220,"comment_status":"open","ping_status":"open","sticky":false,"template":"","format":"standard","meta":{"_exactmetrics_skip_tracking":false,"_exactmetrics_sitenote_active":false,"_exactmetrics_sitenote_note":"","_exactmetrics_sitenote_category":0,"jnews-multi-image_gallery":[],"jnews_single_post":[],"jnews_primary_category":[],"jnews_social_meta":[],"jnews_review":[],"enable_review":"","type":"","name":"","summary":"","brand":"","sku":"","good":[],"bad":[],"score_override":"","override_value":"","rating":[],"price":[],"jnews_override_counter":[],"jnews_post_split":[],"footnotes":""},"categories":[1],"tags":[],"class_list":["post-7167","post","type-post","status-publish","format-standard","has-post-thumbnail","hentry","category-sin-categoria"],"jetpack_featured_media_url":"https:\/\/atecordoba.org\/wp-content\/uploads\/2020\/05\/logo-nuevochico-e1561581322808.png","_links":{"self":[{"href":"https:\/\/atecordoba.org\/index.php?rest_route=\/wp\/v2\/posts\/7167","targetHints":{"allow":["GET"]}}],"collection":[{"href":"https:\/\/atecordoba.org\/index.php?rest_route=\/wp\/v2\/posts"}],"about":[{"href":"https:\/\/atecordoba.org\/index.php?rest_route=\/wp\/v2\/types\/post"}],"author":[{"embeddable":true,"href":"https:\/\/atecordoba.org\/index.php?rest_route=\/wp\/v2\/users\/1"}],"replies":[{"embeddable":true,"href":"https:\/\/atecordoba.org\/index.php?rest_route=%2Fwp%2Fv2%2Fcomments&post=7167"}],"version-history":[{"count":0,"href":"https:\/\/atecordoba.org\/index.php?rest_route=\/wp\/v2\/posts\/7167\/revisions"}],"wp:featuredmedia":[{"embeddable":true,"href":"https:\/\/atecordoba.org\/index.php?rest_route=\/wp\/v2\/media\/19220"}],"wp:attachment":[{"href":"https:\/\/atecordoba.org\/index.php?rest_route=%2Fwp%2Fv2%2Fmedia&parent=7167"}],"wp:term":[{"taxonomy":"category","embeddable":true,"href":"https:\/\/atecordoba.org\/index.php?rest_route=%2Fwp%2Fv2%2Fcategories&post=7167"},{"taxonomy":"post_tag","embeddable":true,"href":"https:\/\/atecordoba.org\/index.php?rest_route=%2Fwp%2Fv2%2Ftags&post=7167"}],"curies":[{"name":"wp","href":"https:\/\/api.w.org\/{rel}","templated":true}]}}