{"id":7161,"date":"2016-08-05T16:14:55","date_gmt":"2016-08-05T19:14:55","guid":{"rendered":"http:\/\/www.atecordoba.org\/?p=7161"},"modified":"2016-08-05T16:14:55","modified_gmt":"2016-08-05T19:14:55","slug":"el-61-congreso-ordinario-nacional-de-ate-en-villa-carlos-paz-aprobo-la-memoria-y-balance-2015","status":"publish","type":"post","link":"https:\/\/atecordoba.org\/?p=7161","title":{"rendered":"El 61\u00b0 Congreso Ordinario Nacional de ATE en Villa Carlos Paz aprob\u00f3 la Memoria y Balance 2015"},"content":{"rendered":"<p><em>Con la presencia de 104 congresales de todo el pa\u00eds, e el m\u00e1ximo \u00f3rgano deliberativo del sindicato aprob\u00f3 por unanimidad la Memoria y Balance del per\u00edodo 2015 y ratific\u00f3 el paro nacional del 11 de agosto.<\/em><\/p>\n<p><img loading=\"lazy\" decoding=\"async\" class=\"aligncenter size-full wp-image-7162\" src=\"http:\/\/www.atecordoba.org\/wp-content\/uploads\/2016\/08\/7795_2862-e1470424339188.jpg\" alt=\"7795_2862\" width=\"550\" height=\"367\" \/><\/p>\n<p class=\"texto\" style=\"line-height: 18.0pt;\"><span style=\"font-family: 'Georgia','serif'; color: #333333;\">Ayer\u00a04 de agosto, desde temprano, trabajadores del Estado congresales titulares y suplentes se acreditaban para protagonizar el 61\u00b0 Congreso Nacional Ordinario de la Asociaci\u00f3n Trabajadores del Estado, ante la fiscalizaci\u00f3n del Inspector de Ministerio de Trabajo de la Naci\u00f3n, Angel Bosetti, y la escribana p\u00fablica Beatriz Vaca Olmos. A continuaci\u00f3n se conform\u00f3 la comisi\u00f3n de poderes -integrada por Julio Daniel Miguens (Provincia de Buenos Aires), Nora Noemi Fern\u00e1ndez (R\u00edo Negro) y Walter Mart\u00edn Avalos (C\u00f3rdoba)- que inform\u00f3 sobre el qu\u00f3rum alcanzado con 104 congresales presentes sobre los 169 habilitados a participar.<\/span><\/p>\n<p class=\"texto\" style=\"line-height: 18.0pt;\"><img loading=\"lazy\" decoding=\"async\" class=\"aligncenter size-full wp-image-7163\" src=\"http:\/\/www.atecordoba.org\/wp-content\/uploads\/2016\/08\/DSC_0020-e1470424384754.jpg\" alt=\"DSC_0020\" width=\"550\" height=\"309\" \/><\/p>\n<p class=\"texto\" style=\"line-height: 18.0pt; orphans: auto; text-align: start; widows: 1; -webkit-text-stroke-width: 0px; word-spacing: 0px;\"><span style=\"font-family: 'Georgia','serif'; color: #333333;\">El c\u00f3nclave de ATE comenz\u00f3 con el recuerdo de Enrique Angelelli a 40 a\u00f1os de su asesinato a manos de la \u00faltima dictadura c\u00edvico-militar. El homenaje implic\u00f3 que el Congreso sesionara bajo su nombre, una moci\u00f3n resuelta de forma un\u00e1nime con un aplauso cerrado.<\/span><\/p>\n<p class=\"texto\" style=\"line-height: 18.0pt; orphans: auto; text-align: start; widows: 1; -webkit-text-stroke-width: 0px; word-spacing: 0px;\"><span style=\"font-family: 'Georgia','serif'; color: #333333;\">Luego fue el turno del informe pol\u00edtico, a cargo del Secretario General de ATE, Hugo \u201cCachorro\u201d Godoy. \u201cSe abre una nueva etapa que vuelve a poner a los trabajadores en el centro de la escena. Nuevamente se nos plantea el desaf\u00edo de que los trabajadores seamos capaces de articular un proyecto de Naci\u00f3n y una fuerza organizada a trav\u00e9s de la unidad del movimiento popular, que nos permita no solamente ponerle freno a esta estrategia de dominaci\u00f3n del imperio y de los grupos dominantes en Argentina. Debemos ser capaces de, junto a los pueblos latinoamericanos (hermanos de la Patria Grande), una vez m\u00e1s abrir el camino de un nuevo ciclo de luchas populares para abrir una expectativa de esperanza, de justicia, soberan\u00eda y libertad para nuestros pueblos\u201d, afirm\u00f3.<\/span><\/p>\n<p class=\"texto\" style=\"line-height: 18.0pt; orphans: auto; text-align: start; widows: 1; -webkit-text-stroke-width: 0px; word-spacing: 0px;\"><img loading=\"lazy\" decoding=\"async\" class=\"aligncenter size-full wp-image-7164\" src=\"http:\/\/www.atecordoba.org\/wp-content\/uploads\/2016\/08\/DSC_0030-e1470424428650.jpg\" alt=\"DSC_0030\" width=\"550\" height=\"309\" \/><\/p>\n<p class=\"texto\" style=\"line-height: 18.0pt; orphans: auto; text-align: start; widows: 1; -webkit-text-stroke-width: 0px; word-spacing: 0px;\"><span style=\"font-family: 'Georgia','serif'; color: #333333;\">A su vez, el titular de la Asociaci\u00f3n Trabajadores del Estado reflexion\u00f3: \u201csomos poseedores no solamente de fuerza de trabajo, sino fundamentalmente de inteligencia y capacidad de elaborar propuestas alternativas, y sobre todo capacidad de organizarnos junto a los numerosos sectores del movimiento popular para concretarlas. Lo que pas\u00f3 en ATE tras las elecciones fue producto de una estrategia consciente del poder que durante a\u00f1os busc\u00f3 alentar la fragmentaci\u00f3n del movimiento popular, la fractura\u201d. En la misma l\u00ednea, Godoy propuso: \u201cpor eso hay que apostar a los trabajadores, para sostener un proyecto liberador desde y para los trabajadores. Y si bien el poder nos quiere divididos, nosotros nos sostenemos proyect\u00e1ndonos en unidad. Para que cada lucha en cada municipio, en cada laboratorio, en las universidades, en cada plaza p\u00fablica, en cada taller, en cada f\u00e1brica, en cada hospital p\u00fablico, en cada escuela est\u00e9 en el marco de un proyecto com\u00fan que los trabajadores seamos capaces de constituir. Esa fue la consigna del a\u00f1o pasado, nacionalizar todas las luchas\u201d.<\/span><\/p>\n<p class=\"texto\" style=\"line-height: 18.0pt; orphans: auto; text-align: start; widows: 1; -webkit-text-stroke-width: 0px; word-spacing: 0px;\"><span style=\"font-family: 'Georgia','serif'; color: #333333;\">Por \u00faltimo, el Secretario General de ATE cerr\u00f3 haciendo un breve balance del gremio desde la recuperaci\u00f3n de la democracia hasta la actualidad. \u201cHoy tenemos un ATE nuevo que requiere ampliar los niveles de participaci\u00f3n, de debate interno y pol\u00edtico\u201d, concluy\u00f3.<\/span><\/p>\n<p class=\"texto\" style=\"line-height: 18.0pt; orphans: auto; text-align: start; widows: 1; -webkit-text-stroke-width: 0px; word-spacing: 0px;\"><img loading=\"lazy\" decoding=\"async\" class=\"aligncenter size-full wp-image-7165\" src=\"http:\/\/www.atecordoba.org\/wp-content\/uploads\/2016\/08\/DSC_0005-e1470424467702.jpg\" alt=\"DSC_0005\" width=\"550\" height=\"309\" \/><\/p>\n<p class=\"texto\" style=\"line-height: 18.0pt; orphans: auto; text-align: start; widows: 1; -webkit-text-stroke-width: 0px; word-spacing: 0px;\"><span style=\"font-family: 'Georgia','serif'; color: #333333;\">A continuaci\u00f3n se puso a consideraci\u00f3n del conjunto de los congresales la Memoria y Balance del per\u00edodo 2015, aprobada por amplia mayor\u00eda.<\/span><\/p>\n<p class=\"texto\" style=\"line-height: 18.0pt; orphans: auto; text-align: start; widows: 1; -webkit-text-stroke-width: 0px; word-spacing: 0px;\"><span><span style=\"font-family: 'Georgia','serif'; color: #333333;\">El cierre de la jornada cont\u00f3 con numerosas intervenciones de dirigentes, delegados y afiliados de gran parte del pa\u00eds. El debate incluy\u00f3 numerosos aspectos de la vida gremial y pol\u00edtica de la organizaci\u00f3n e hizo fuerte \u00e9nfasis en el casi total apoyo y respaldo al paro nacional de ATE del pr\u00f3ximo 11 de agosto.<\/span><\/span><\/p>\n<p class=\"texto\" style=\"line-height: 18.0pt; orphans: auto; text-align: start; widows: 1; -webkit-text-stroke-width: 0px; word-spacing: 0px;\"><span><span style=\"font-family: 'Georgia','serif'; color: #333333;\">El Congreso, por propuesta del Secretario Adjunto de ATE Nacional y Presidente de la Confederaci\u00f3n Latinoamericana y del Caribe de Trabajadores Estatales (CLATE), Julio Fuentes, adem\u00e1s repudi\u00f3 las intimidaciones y amenazas de muerte sufridas por el compa\u00f1ero Percy Oyola Palom\u00e1, Presidente del sindicato de estatales del hermano pa\u00eds de Colombia, UTRADEC, y Vicepresidente de la CGT de Colombia. El dirigente fue amenazado de muerte el pasado martes en la localidad de Obando, en el Valle del Cauca. Fuentes detall\u00f3 que las intimidaciones circularon por el municipio en panfletos impresos con leyendas como \u201cmuerte al comunismo\u201d, \u201cfuera chavistas del pueblo\u201d y \u201cmuerte a metidos y sapos\u201d.<\/span><\/span><\/p>\n<p class=\"texto\" style=\"line-height: 18.0pt;\"><span style=\"font-family: 'Georgia','serif'; color: #333333;\">\u00a0<\/span><\/p>\n","protected":false},"excerpt":{"rendered":"<p>Con la presencia de 104 congresales de todo el pa\u00eds, e el m\u00e1ximo \u00f3rgano deliberativo del sindicato aprob\u00f3 por unanimidad la Memoria y Balance del per\u00edodo 2015 y ratific\u00f3 el paro nacional del 11 de agosto. Ayer\u00a04 de agosto, desde temprano, trabajadores del Estado congresales titulares y suplentes se acreditaban para protagonizar el 61\u00b0 Congreso [&hellip;]<\/p>\n","protected":false},"author":1,"featured_media":19220,"comment_status":"open","ping_status":"open","sticky":false,"template":"","format":"standard","meta":{"_exactmetrics_skip_tracking":false,"_exactmetrics_sitenote_active":false,"_exactmetrics_sitenote_note":"","_exactmetrics_sitenote_category":0,"jnews-multi-image_gallery":[],"jnews_single_post":[],"jnews_primary_category":[],"jnews_social_meta":[],"jnews_review":[],"enable_review":"","type":"","name":"","summary":"","brand":"","sku":"","good":[],"bad":[],"score_override":"","override_value":"","rating":[],"price":[],"jnews_override_counter":[],"jnews_post_split":[],"footnotes":""},"categories":[1],"tags":[],"class_list":["post-7161","post","type-post","status-publish","format-standard","has-post-thumbnail","hentry","category-sin-categoria"],"jetpack_featured_media_url":"https:\/\/atecordoba.org\/wp-content\/uploads\/2020\/05\/logo-nuevochico-e1561581322808.png","_links":{"self":[{"href":"https:\/\/atecordoba.org\/index.php?rest_route=\/wp\/v2\/posts\/7161","targetHints":{"allow":["GET"]}}],"collection":[{"href":"https:\/\/atecordoba.org\/index.php?rest_route=\/wp\/v2\/posts"}],"about":[{"href":"https:\/\/atecordoba.org\/index.php?rest_route=\/wp\/v2\/types\/post"}],"author":[{"embeddable":true,"href":"https:\/\/atecordoba.org\/index.php?rest_route=\/wp\/v2\/users\/1"}],"replies":[{"embeddable":true,"href":"https:\/\/atecordoba.org\/index.php?rest_route=%2Fwp%2Fv2%2Fcomments&post=7161"}],"version-history":[{"count":0,"href":"https:\/\/atecordoba.org\/index.php?rest_route=\/wp\/v2\/posts\/7161\/revisions"}],"wp:featuredmedia":[{"embeddable":true,"href":"https:\/\/atecordoba.org\/index.php?rest_route=\/wp\/v2\/media\/19220"}],"wp:attachment":[{"href":"https:\/\/atecordoba.org\/index.php?rest_route=%2Fwp%2Fv2%2Fmedia&parent=7161"}],"wp:term":[{"taxonomy":"category","embeddable":true,"href":"https:\/\/atecordoba.org\/index.php?rest_route=%2Fwp%2Fv2%2Fcategories&post=7161"},{"taxonomy":"post_tag","embeddable":true,"href":"https:\/\/atecordoba.org\/index.php?rest_route=%2Fwp%2Fv2%2Ftags&post=7161"}],"curies":[{"name":"wp","href":"https:\/\/api.w.org\/{rel}","templated":true}]}}