{"id":7146,"date":"2016-08-03T16:16:26","date_gmt":"2016-08-03T19:16:26","guid":{"rendered":"http:\/\/www.atecordoba.org\/?p=7146"},"modified":"2016-08-03T16:16:26","modified_gmt":"2016-08-03T19:16:26","slug":"se-inauguro-la-nueva-sede-del-cdp","status":"publish","type":"post","link":"https:\/\/atecordoba.org\/?p=7146","title":{"rendered":"Se inaugur\u00f3 la nueva sede del CDP"},"content":{"rendered":"<p class=\"copete\"><em>\u201cATE no para de crecer\u201d, fue el comentario que desbord\u00f3 cada uno de los rincones de la nueva sede del Consejo Directivo Provincial de C\u00f3rdoba. <\/em><\/p>\n<p class=\"copete\"><img loading=\"lazy\" decoding=\"async\" class=\"aligncenter size-full wp-image-7148\" src=\"http:\/\/www.atecordoba.org\/wp-content\/uploads\/2016\/08\/cinta-2.png\" alt=\"cinta 2\" width=\"550\" height=\"366\" \/><\/p>\n<p class=\"copete\"><em>(fuente: El Trabajador del Estado)<\/em><\/p>\n<p>Desde la ma\u00f1ana, secretarios generales de la mayor\u00eda de las provinciales, dirigentes de la conducci\u00f3n nacional y del CDP local, se hicieron presentes en lanzamiento del nuevo edificio del gremio que cuenta con tres pisos vidriados de oficinas que se anexan a la estructura antigua del sindicato.<\/p>\n<p>En primer lugar, la anfitriona Liliana Salerno, Secretaria General de C\u00f3rdoba junto a Hugo \u201cCachorro\u201d Godoy, Secretario General de ATE nacional y Eduardo De Gennaro, Secretario Administrativo del gremio a nivel nacional, cortaron la cinta para as\u00ed, dar por inaugurado el edificio. A su lado, el secretario Adjunto del CDP, Luis Barcena, la secretaria de Formaci\u00f3n del CDN y ex secretaria de ATE C\u00f3rdoba durante cuyo mandato se inicio la obra, Mar\u00eda Teresa Romero, y Oscar Cacho Mengarelli, dirigente del centro nacional de jubilados de ATE e hist\u00f3rico dirigente de la provincia de C\u00f3rdoba.<\/p>\n<p><img loading=\"lazy\" decoding=\"async\" class=\"aligncenter size-full wp-image-7149\" src=\"http:\/\/www.atecordoba.org\/wp-content\/uploads\/2016\/08\/pasillo.png\" alt=\"pasillo\" width=\"550\" height=\"366\" \/><\/p>\n<p>Luego fue el turno del p\u00e1rroco Juan Mart\u00ednez quien hizo uso de la palabra para bendecir la nueva sede. Minutos m\u00e1s tarde, con mucha emoci\u00f3n, se cant\u00f3 el himno nacional argentino.<\/p>\n<p>Desbordada las instalaciones, se pas\u00f3 al auditorio para comenzar con el acto con las palabras de los dirigentes. En la oportunidad, estuvieron presentes los compa\u00f1eros secretarios generales de las seccionales Villa Mar\u00eda, R\u00edo Tercero y R\u00edo Cuarto: Fernando Mercado, Cristian Colman y Walter Avalos. De la misma forma, el secretario General de la CTA C\u00f3rdoba, Guido Dreizik.<\/p>\n<p><img loading=\"lazy\" decoding=\"async\" class=\"aligncenter size-full wp-image-7150\" src=\"http:\/\/www.atecordoba.org\/wp-content\/uploads\/2016\/08\/salerno.png\" alt=\"salerno\" width=\"550\" height=\"366\" \/><\/p>\n<p>\u201cEstamos cumpliendo un sue\u00f1o, nos faltan muchos por delante\u201d, arranc\u00f3 su intervenci\u00f3n Liliana Salerno visiblemente emocionada, y agreg\u00f3: \u201cQuiero agradecer al CDN porque estuvo al lado nuestro en todo momento\u201d.<\/p>\n<p>A continuaci\u00f3n, la Secretaria General de ATE C\u00f3rdoba destac\u00f3: \u201cEste va a ser un gran espacio para algo que desde hace tiempo queremos y necesitamos: aulas para capacitaci\u00f3n y formaci\u00f3n, salones de reuniones y asambleas\u201d.<\/p>\n<p><img loading=\"lazy\" decoding=\"async\" class=\"aligncenter size-full wp-image-7151\" src=\"http:\/\/www.atecordoba.org\/wp-content\/uploads\/2016\/08\/salon.png\" alt=\"salon\" width=\"550\" height=\"366\" \/><\/p>\n<p>\u201cTodos sabemos que el Gobierno provincial nos priv\u00f3 durante nueve a\u00f1os y dos meses del aporte de los afiliados, y a\u00fan as\u00ed ATE ha salido adelante con el aporte y sacrificio de los dirigentes de la anterior conducci\u00f3n y de esta, de los afiliados, del Consejo Directivo Nacional\u201d.<\/p>\n<p>Por su parte, Hugo \u201cCachorro\u201d Godoy expres\u00f3: \u201cQuiero felicitar a quienes so\u00f1aron y realizaron esta maravillosa obra. Es un privilegio ser testigo de su finalizaci\u00f3n\u201d.<\/p>\n<p><img loading=\"lazy\" decoding=\"async\" class=\"aligncenter size-full wp-image-7152\" src=\"http:\/\/www.atecordoba.org\/wp-content\/uploads\/2016\/08\/en-v.png\" alt=\"en v\" width=\"550\" height=\"366\" \/><\/p>\n<p>\u201cATE es un gremio esencialmente solidario en el que los recursos son de los estatales de todo el pa\u00eds. Nuestra obligaci\u00f3n es cumplimentar este mandato, y eso estamos haciendo. Porque no puede haber CDPs o seccionales ricas y pobres\u201d, afirm\u00f3 el Secretario General de ATE, quien sum\u00f3: \u201cPor esto somos una organizaci\u00f3n federal y solidaria\u201d.<\/p>\n<p><img loading=\"lazy\" decoding=\"async\" class=\"aligncenter size-full wp-image-7153\" src=\"http:\/\/www.atecordoba.org\/wp-content\/uploads\/2016\/08\/cachorro.png\" alt=\"cachorro\" width=\"550\" height=\"366\" \/><\/p>\n<p>En relaci\u00f3n a la necesidad de crecer en afiliaci\u00f3n y organizaci\u00f3n, Godoy asever\u00f3: \u201cEste edificio lo fundamos con la firme convicci\u00f3n de que las paredes de ATE deben ser de goma, para poder crecer y ampliarse para dar a lugar a los miles que est\u00e1n por venir. El anterior Congreso Nacional de ATE que realizamos en C\u00f3rdoba fue en 2008. En aquel entonces, y hasta hace muy poco, hab\u00eda un Gobierno que nos desconoc\u00eda e ignoraba, que busc\u00f3 impedir la libre voluntad de los trabajadores de organizarse. Pese a esos casi 10 a\u00f1os de lucha y resistencia, ATE en C\u00f3rdoba pas\u00f3 de tener 4500 afiliados a cerca de 9 mil. En las peores circunstancias crecimos en base a convicciones\u201d.<\/p>\n<p><img loading=\"lazy\" decoding=\"async\" class=\"aligncenter size-full wp-image-7154\" src=\"http:\/\/www.atecordoba.org\/wp-content\/uploads\/2016\/08\/tres-mujeres.png\" alt=\"tres mujeres\" width=\"550\" height=\"366\" \/><\/p>\n<p>Tras invitar a subir al escenario a Oscar \u201cCacho\u201d Mengarelli, Hugo Godoy pronunci\u00f3: \u201cSomos un sindicato que no para de renovarse, aunque sin perder el camino que marcaron referentes como \u201cCacho\u201d. Nos alimentamos de esas raices e historia\u201d.<\/p>\n<p>El titular de ATE luego record\u00f3 al recientemente fallecido Raimundo Ongaro, Secretario General de la CGT de los Argentinos y referente del sindicalismo revolucionario que resisti\u00f3 la dictadura de Ongan\u00eda. El auditorio estall\u00f3 en un aplauso. \u201cQue linda manera de despedir un maestro\u201d, expres\u00f3.<\/p>\n<p><img loading=\"lazy\" decoding=\"async\" class=\"aligncenter size-full wp-image-7155\" src=\"http:\/\/www.atecordoba.org\/wp-content\/uploads\/2016\/08\/barcena.png\" alt=\"barcena\" width=\"550\" height=\"366\" \/><\/p>\n<p>\u201cHagamos realidad los sue\u00f1os colectivos, como es la inauguraci\u00f3n de esta sede. S\u00f3lo de esa manera alcanzaremos una Patria Grande que sea libre, justa y soberana\u201d, cerr\u00f3 el Secretario General de ATE.<\/p>\n<p>Finalmente, Julio Fuentes, Secretario General Adjunto de ATE nacional, anunci\u00f3 el rechazo a los dos recursos jer\u00e1rquicos presentados por la lista Verde y Blanca que buscaban cuestionar la validez de la elecci\u00f3n nacional que llev\u00f3 al triunfo a la lista Verde en septiembre de 2005.<\/p>\n<p><strong>Presencias de todo el pa\u00eds y organizaciones amigas<\/strong><\/p>\n<p>El acto cont\u00f3 con la participaci\u00f3n de compa\u00f1eros secretarios generales de Provincia de Buenos Aires, Oscar de Isasi, Catamarca, Ricardo Ar\u00e9valo, Chaco, Mario Bustamante, Formosa, N\u00e9stor V\u00e1zquez, La Pampa, Ricardo Araujo, R\u00edo Negro, Rodolfo Aguiar, San Juan, Cristobal Carrizo, San Luis, Ofelia Mu\u00f1oz, Santa Cruz, Alejandro Garzon, SAlta, Juan Arroyo, Santiago del Estero Ely Juarez, Tierra del Fuego, Carlos C\u00f3rdoba, y Tucum\u00e1n, Marcelo Sanchez.<\/p>\n<p><img loading=\"lazy\" decoding=\"async\" class=\"aligncenter size-full wp-image-7156\" src=\"http:\/\/www.atecordoba.org\/wp-content\/uploads\/2016\/08\/colo.png\" alt=\"colo\" width=\"550\" height=\"366\" \/><\/p>\n<p>Adem\u00e1s, estuvieron presentes los compa\u00f1eros de Cispren, con su secretario Gremial Estaban Liendo, la Asociaci\u00f3n de Agentes de Propaganda M\u00e9dica, con sus secretarios Gremial y Tesorero, Sergio Pace y Daniel Romero respectivametne, el sindicato de Aceiteros de Tancacha, con su secretario General Mart\u00edn Ferreyra, entre otros.<\/p>\n<p>&nbsp;<\/p>\n","protected":false},"excerpt":{"rendered":"<p>\u201cATE no para de crecer\u201d, fue el comentario que desbord\u00f3 cada uno de los rincones de la nueva sede del Consejo Directivo Provincial de C\u00f3rdoba. (fuente: El Trabajador del Estado) Desde la ma\u00f1ana, secretarios generales de la mayor\u00eda de las provinciales, dirigentes de la conducci\u00f3n nacional y del CDP local, se hicieron presentes en lanzamiento [&hellip;]<\/p>\n","protected":false},"author":1,"featured_media":19220,"comment_status":"open","ping_status":"open","sticky":false,"template":"","format":"standard","meta":{"_exactmetrics_skip_tracking":false,"_exactmetrics_sitenote_active":false,"_exactmetrics_sitenote_note":"","_exactmetrics_sitenote_category":0,"jnews-multi-image_gallery":[],"jnews_single_post":[],"jnews_primary_category":[],"jnews_social_meta":[],"jnews_review":[],"enable_review":"","type":"","name":"","summary":"","brand":"","sku":"","good":[],"bad":[],"score_override":"","override_value":"","rating":[],"price":[],"jnews_override_counter":[],"jnews_post_split":[],"footnotes":""},"categories":[1],"tags":[],"class_list":["post-7146","post","type-post","status-publish","format-standard","has-post-thumbnail","hentry","category-sin-categoria"],"jetpack_featured_media_url":"https:\/\/atecordoba.org\/wp-content\/uploads\/2020\/05\/logo-nuevochico-e1561581322808.png","_links":{"self":[{"href":"https:\/\/atecordoba.org\/index.php?rest_route=\/wp\/v2\/posts\/7146","targetHints":{"allow":["GET"]}}],"collection":[{"href":"https:\/\/atecordoba.org\/index.php?rest_route=\/wp\/v2\/posts"}],"about":[{"href":"https:\/\/atecordoba.org\/index.php?rest_route=\/wp\/v2\/types\/post"}],"author":[{"embeddable":true,"href":"https:\/\/atecordoba.org\/index.php?rest_route=\/wp\/v2\/users\/1"}],"replies":[{"embeddable":true,"href":"https:\/\/atecordoba.org\/index.php?rest_route=%2Fwp%2Fv2%2Fcomments&post=7146"}],"version-history":[{"count":0,"href":"https:\/\/atecordoba.org\/index.php?rest_route=\/wp\/v2\/posts\/7146\/revisions"}],"wp:featuredmedia":[{"embeddable":true,"href":"https:\/\/atecordoba.org\/index.php?rest_route=\/wp\/v2\/media\/19220"}],"wp:attachment":[{"href":"https:\/\/atecordoba.org\/index.php?rest_route=%2Fwp%2Fv2%2Fmedia&parent=7146"}],"wp:term":[{"taxonomy":"category","embeddable":true,"href":"https:\/\/atecordoba.org\/index.php?rest_route=%2Fwp%2Fv2%2Fcategories&post=7146"},{"taxonomy":"post_tag","embeddable":true,"href":"https:\/\/atecordoba.org\/index.php?rest_route=%2Fwp%2Fv2%2Ftags&post=7146"}],"curies":[{"name":"wp","href":"https:\/\/api.w.org\/{rel}","templated":true}]}}