{"id":7141,"date":"2016-07-29T16:20:08","date_gmt":"2016-07-29T19:20:08","guid":{"rendered":"http:\/\/www.atecordoba.org\/?p=7141"},"modified":"2016-07-29T16:20:08","modified_gmt":"2016-07-29T19:20:08","slug":"el-lunes-ate-realizara-un-paro-de-actividades-en-el-laboratorio-de-hemoderivados-de-la-unc","status":"publish","type":"post","link":"https:\/\/atecordoba.org\/?p=7141","title":{"rendered":"El lunes ATE realizar\u00e1 un paro de actividades en el Laboratorio de Hemoderivados de la UNC"},"content":{"rendered":"<p><em>Como consecuencia de la falta de respuesta a los numerosos pedidos de audiencia a las autoridades de la UNC y del Laboratorio de Hemoderivados,\u00a0en lunes pr\u00f3ximo lunes 1\u00ba\u00a0de agosto\u00a0ATE iniciar\u00e1 medidas de acci\u00f3n directa en el sector, que consistir\u00e1n en un paro de actividades con movilizaci\u00f3n. \u00a0<\/em><\/p>\n<p><img loading=\"lazy\" decoding=\"async\" class=\"aligncenter size-full wp-image-7143\" src=\"http:\/\/www.atecordoba.org\/wp-content\/uploads\/2016\/07\/WhatsApp-Image-20160524-2-e1469819963255.jpg\" alt=\"WhatsApp-Image-20160524 (2)\" width=\"550\" height=\"330\" \/><\/p>\n<p>Los trabajadores tienen una serie de reclamos entre los que se destaca, por su importancia y dimensi\u00f3n, el pase a planta permanente de los numerosos compa\u00f1eros precarizados del laboratorio, ya que m\u00e1s del 80% se encuentra en condici\u00f3n de contratados.<\/p>\n<p>As\u00ed mismo, ATE viene planteando la urgente necesidad de resolver recategorizaciones \u00a0de los compa\u00f1eros, nombramiento de personal, reconocimiento del r\u00e9gimen de trabajo nocturno y para fines de semana y feriados, r\u00e9gimen laboral de seis horas y diversos adicionales, como el adicional por riesgo que debe ser contemplado debido a las particularidades de la actividad que se desarrolla en el laboratorio, entre otros puntos.<\/p>\n<p>Por todo ello, los trabajadores se movilizar\u00e1n a partir de las 9 de la ma\u00f1ana a la sede del Rectorado para exigir al rector Hugo Juri respuestas concretas a los reclamos elevados por ATE.<\/p>\n<p>&nbsp;<\/p>\n","protected":false},"excerpt":{"rendered":"<p>Como consecuencia de la falta de respuesta a los numerosos pedidos de audiencia a las autoridades de la UNC y del Laboratorio de Hemoderivados,\u00a0en lunes pr\u00f3ximo lunes 1\u00ba\u00a0de agosto\u00a0ATE iniciar\u00e1 medidas de acci\u00f3n directa en el sector, que consistir\u00e1n en un paro de actividades con movilizaci\u00f3n. \u00a0 Los trabajadores tienen una serie de reclamos entre [&hellip;]<\/p>\n","protected":false},"author":1,"featured_media":19220,"comment_status":"open","ping_status":"open","sticky":false,"template":"","format":"standard","meta":{"_exactmetrics_skip_tracking":false,"_exactmetrics_sitenote_active":false,"_exactmetrics_sitenote_note":"","_exactmetrics_sitenote_category":0,"jnews-multi-image_gallery":[],"jnews_single_post":[],"jnews_primary_category":[],"jnews_social_meta":[],"jnews_review":[],"enable_review":"","type":"","name":"","summary":"","brand":"","sku":"","good":[],"bad":[],"score_override":"","override_value":"","rating":[],"price":[],"jnews_override_counter":[],"jnews_post_split":[],"footnotes":""},"categories":[89],"tags":[],"class_list":["post-7141","post","type-post","status-publish","format-standard","has-post-thumbnail","hentry","category-unc"],"jetpack_featured_media_url":"https:\/\/atecordoba.org\/wp-content\/uploads\/2020\/05\/logo-nuevochico-e1561581322808.png","_links":{"self":[{"href":"https:\/\/atecordoba.org\/index.php?rest_route=\/wp\/v2\/posts\/7141","targetHints":{"allow":["GET"]}}],"collection":[{"href":"https:\/\/atecordoba.org\/index.php?rest_route=\/wp\/v2\/posts"}],"about":[{"href":"https:\/\/atecordoba.org\/index.php?rest_route=\/wp\/v2\/types\/post"}],"author":[{"embeddable":true,"href":"https:\/\/atecordoba.org\/index.php?rest_route=\/wp\/v2\/users\/1"}],"replies":[{"embeddable":true,"href":"https:\/\/atecordoba.org\/index.php?rest_route=%2Fwp%2Fv2%2Fcomments&post=7141"}],"version-history":[{"count":0,"href":"https:\/\/atecordoba.org\/index.php?rest_route=\/wp\/v2\/posts\/7141\/revisions"}],"wp:featuredmedia":[{"embeddable":true,"href":"https:\/\/atecordoba.org\/index.php?rest_route=\/wp\/v2\/media\/19220"}],"wp:attachment":[{"href":"https:\/\/atecordoba.org\/index.php?rest_route=%2Fwp%2Fv2%2Fmedia&parent=7141"}],"wp:term":[{"taxonomy":"category","embeddable":true,"href":"https:\/\/atecordoba.org\/index.php?rest_route=%2Fwp%2Fv2%2Fcategories&post=7141"},{"taxonomy":"post_tag","embeddable":true,"href":"https:\/\/atecordoba.org\/index.php?rest_route=%2Fwp%2Fv2%2Ftags&post=7141"}],"curies":[{"name":"wp","href":"https:\/\/api.w.org\/{rel}","templated":true}]}}