{"id":7130,"date":"2016-07-28T17:35:30","date_gmt":"2016-07-28T20:35:30","guid":{"rendered":"http:\/\/www.atecordoba.org\/?p=7130"},"modified":"2016-07-28T17:35:30","modified_gmt":"2016-07-28T20:35:30","slug":"el-cdp-inaugura-su-nueva-sede-el-3-de-agosto","status":"publish","type":"post","link":"https:\/\/atecordoba.org\/?p=7130","title":{"rendered":"El CDP inaugura su nueva sede el 3 de agosto"},"content":{"rendered":"<p><em>Con la presencia de la conducci\u00f3n nacional y de dirigentes de ATE de todo el pa\u00eds, el pr\u00f3ximo mi\u00e9rcoles el Consejo Directivo Provincial proceder\u00e1 a inaugurar la nueva sede. Todos los afiliados est\u00e1n invitados.<\/em><\/p>\n<figure id=\"attachment_7134\" aria-describedby=\"caption-attachment-7134\" style=\"width: 550px\" class=\"wp-caption aligncenter\"><img loading=\"lazy\" decoding=\"async\" class=\"wp-image-7134 size-full\" src=\"http:\/\/www.atecordoba.org\/wp-content\/uploads\/2016\/07\/tapa-e1469737791649.jpg\" alt=\"tapa\" width=\"550\" height=\"978\" \/><figcaption id=\"caption-attachment-7134\" class=\"wp-caption-text\">Planta Baja y tres pisos de estimo moderno para la nueva sede del CDP.<\/figcaption><\/figure>\n<p>El Consejo Directivo Provincial est\u00e1 orgulloso de poder invitar a nuestros afiliados y amigos a participar de la inauguraci\u00f3n de la nueva sede gremial, fruto del esfuerzo financiero de la militancia de ATE con el apoyo inestimable del Consejo Directivo Nacional.<\/p>\n<p>Se trata de un proyecto iniciado en el a\u00f1o 2012 que aportar\u00e1 a nuestra organizaci\u00f3n de la infraestructura acorde a las necesidades de nuestros afiliados, en momentos donde estamos experimentando un importante aumento en la cantidad de compa\u00f1eros que eligen a nuestro gremio.<\/p>\n<figure id=\"attachment_7133\" aria-describedby=\"caption-attachment-7133\" style=\"width: 550px\" class=\"wp-caption aligncenter\"><img loading=\"lazy\" decoding=\"async\" class=\"wp-image-7133 size-full\" src=\"http:\/\/www.atecordoba.org\/wp-content\/uploads\/2016\/07\/primer-piso-nueva-sede-foto-3-pie-alternativa-por-si-te-faltan-e1469737835704.jpg\" alt=\"primer piso nueva sede foto 3 pie (alternativa por si te faltan)\" width=\"550\" height=\"309\" \/><figcaption id=\"caption-attachment-7133\" class=\"wp-caption-text\">Un detalle del espacio com\u00fan de uno de los pisos.<\/figcaption><\/figure>\n<p>El edificio nuevo que se desarrolla en tres plantas: una Planta Baja con el Sal\u00f3n de actos y usos m\u00faltiples y dos plantas de oficinas, que est\u00e1 dise\u00f1ado los espacios suficientes para que las distintas secretar\u00edas y departamentos desarrollen sus actividades, adaptando los requerimientos de infraestructura a los desaf\u00edos que ATE C\u00f3rdoba enfrentar\u00e1 en los tiempos que vienen.<\/p>\n<p>As\u00ed, a partir de ahora ATE C\u00f3rdoba dispondr\u00e1 de instalaciones para el funcionamiento administrativo y gremial, as\u00ed como espacios para la formaci\u00f3n y las actividades culturales, con un gran sal\u00f3n para realizar actos y plenarios masivos.<\/p>\n<figure id=\"attachment_7131\" aria-describedby=\"caption-attachment-7131\" style=\"width: 549px\" class=\"wp-caption aligncenter\"><img loading=\"lazy\" decoding=\"async\" class=\"wp-image-7131\" src=\"http:\/\/www.atecordoba.org\/wp-content\/uploads\/2016\/07\/auditorio-dispuesto-en-planta-baja-foto-1-cabeza-1024x576.jpg\" alt=\"auditorio dispuesto en planta baja foto 1 cabeza\" width=\"549\" height=\"309\" \/><figcaption id=\"caption-attachment-7131\" class=\"wp-caption-text\">El sal\u00f3n de actos cuenta con un gran espacio y est\u00e1 acondicionado de forma insonora a los efectos de poder realizar actividades sin generar molestias en el barrio.<\/figcaption><\/figure>\n<p>Hay que destacar que es una obra financiada con el dinero aportado por los afiliados.<\/p>\n<p>La obra incluye la renovaci\u00f3n y jerarquizaci\u00f3n de la vieja casona donde viene funcionando el CDP, ubicada en el frente del lote donde se levant\u00f3 el nuevo edificio. All\u00ed funcionar\u00e1 el Centro de Jubilados Provincial, en su planta baja, y dependencias del CDP en el primer piso.<\/p>\n<p>De esta forma, el proyecto arquitect\u00f3nico incluye la convivencia entre las modernidad de la nueva edificiaci\u00f3n y la tradici\u00f3n de la antigua sede, que fue refaccionada conforme la normativa municipal que ordena preservar la construcci\u00f3n por su valor hist\u00f3rico. \u00a0Son mil metros cubiertos para desplegar las numerosas actividades que ATE desarrolla en la actualidad.<\/p>\n<p>&nbsp;<\/p>\n<figure id=\"attachment_7132\" aria-describedby=\"caption-attachment-7132\" style=\"width: 550px\" class=\"wp-caption aligncenter\"><img loading=\"lazy\" decoding=\"async\" class=\"wp-image-7132 size-full\" src=\"http:\/\/www.atecordoba.org\/wp-content\/uploads\/2016\/07\/ingreso-a-la-nueva-sede-del-CDP-foto-2-pie-e1469737905381.jpg\" alt=\"ingreso a la nueva sede del CDP foto 2 pie\" width=\"550\" height=\"978\" \/><figcaption id=\"caption-attachment-7132\" class=\"wp-caption-text\">Ingreso al edificio.<\/figcaption><\/figure>\n<p>&nbsp;<\/p>\n","protected":false},"excerpt":{"rendered":"<p>Con la presencia de la conducci\u00f3n nacional y de dirigentes de ATE de todo el pa\u00eds, el pr\u00f3ximo mi\u00e9rcoles el Consejo Directivo Provincial proceder\u00e1 a inaugurar la nueva sede. Todos los afiliados est\u00e1n invitados. El Consejo Directivo Provincial est\u00e1 orgulloso de poder invitar a nuestros afiliados y amigos a participar de la inauguraci\u00f3n de la [&hellip;]<\/p>\n","protected":false},"author":1,"featured_media":19220,"comment_status":"open","ping_status":"open","sticky":false,"template":"","format":"standard","meta":{"_exactmetrics_skip_tracking":false,"_exactmetrics_sitenote_active":false,"_exactmetrics_sitenote_note":"","_exactmetrics_sitenote_category":0,"jnews-multi-image_gallery":[],"jnews_single_post":[],"jnews_primary_category":[],"jnews_social_meta":[],"jnews_review":[],"enable_review":"","type":"","name":"","summary":"","brand":"","sku":"","good":[],"bad":[],"score_override":"","override_value":"","rating":[],"price":[],"jnews_override_counter":[],"jnews_post_split":[],"footnotes":""},"categories":[1],"tags":[],"class_list":["post-7130","post","type-post","status-publish","format-standard","has-post-thumbnail","hentry","category-sin-categoria"],"jetpack_featured_media_url":"https:\/\/atecordoba.org\/wp-content\/uploads\/2020\/05\/logo-nuevochico-e1561581322808.png","_links":{"self":[{"href":"https:\/\/atecordoba.org\/index.php?rest_route=\/wp\/v2\/posts\/7130","targetHints":{"allow":["GET"]}}],"collection":[{"href":"https:\/\/atecordoba.org\/index.php?rest_route=\/wp\/v2\/posts"}],"about":[{"href":"https:\/\/atecordoba.org\/index.php?rest_route=\/wp\/v2\/types\/post"}],"author":[{"embeddable":true,"href":"https:\/\/atecordoba.org\/index.php?rest_route=\/wp\/v2\/users\/1"}],"replies":[{"embeddable":true,"href":"https:\/\/atecordoba.org\/index.php?rest_route=%2Fwp%2Fv2%2Fcomments&post=7130"}],"version-history":[{"count":0,"href":"https:\/\/atecordoba.org\/index.php?rest_route=\/wp\/v2\/posts\/7130\/revisions"}],"wp:featuredmedia":[{"embeddable":true,"href":"https:\/\/atecordoba.org\/index.php?rest_route=\/wp\/v2\/media\/19220"}],"wp:attachment":[{"href":"https:\/\/atecordoba.org\/index.php?rest_route=%2Fwp%2Fv2%2Fmedia&parent=7130"}],"wp:term":[{"taxonomy":"category","embeddable":true,"href":"https:\/\/atecordoba.org\/index.php?rest_route=%2Fwp%2Fv2%2Fcategories&post=7130"},{"taxonomy":"post_tag","embeddable":true,"href":"https:\/\/atecordoba.org\/index.php?rest_route=%2Fwp%2Fv2%2Ftags&post=7130"}],"curies":[{"name":"wp","href":"https:\/\/api.w.org\/{rel}","templated":true}]}}