{"id":7126,"date":"2016-07-28T15:21:08","date_gmt":"2016-07-28T18:21:08","guid":{"rendered":"http:\/\/www.atecordoba.org\/?p=7126"},"modified":"2016-07-28T15:21:08","modified_gmt":"2016-07-28T18:21:08","slug":"el-cdn-resolvio-oficialmente-un-paro-nacional-para-el-11-de-agosto","status":"publish","type":"post","link":"https:\/\/atecordoba.org\/?p=7126","title":{"rendered":"El CDN resolvi\u00f3 oficialmente un paro nacional para el 11 de agosto"},"content":{"rendered":"<p><em>Por unanimidad, la Conducci\u00f3n nacional integrada por el Consejo Directivo Nacional junto a los Secretarios General de las provincias, resolvieron realizar un Paro Nacional con movilizaci\u00f3n el pr\u00f3ximo 11 de agosto.<\/em><\/p>\n<p><img loading=\"lazy\" decoding=\"async\" class=\"aligncenter size-full wp-image-7127\" src=\"http:\/\/www.atecordoba.org\/wp-content\/uploads\/2016\/07\/CDN-paro-11-de-agosto-e1469730017922.jpg\" alt=\"CDN paro 11 de agosto\" width=\"550\" height=\"360\" \/><\/p>\n<p>(<em>fuente: El trabajador del Estado<\/em>)<\/p>\n<p><span style=\"font-style: inherit; font-weight: inherit;\">A la reincorporaci\u00f3n de todos los trabajadores injustamente despedidos, la reapertura de la paritaria nacional y la apertura de las sectoriales, el pase a planta permanente y contra la precarizaci\u00f3n laboral, se suma como reclamo el tarifazo efectivizado por el Gobierno en contra de los trabajadores.<\/span><\/p>\n<p><span style=\"font-style: inherit; font-weight: inherit;\"><span style=\"font-style: inherit; font-weight: inherit;\">Luego que cada Secretario General esbozara la situaci\u00f3n que atraviesa cada provincia se resolvi\u00f3 lo siguiente:<\/span><\/span><\/p>\n<ul>\n<li><span style=\"font-style: inherit; font-weight: inherit;\"><span style=\"font-style: inherit; font-weight: inherit;\">Paro Nacional con movilizaci\u00f3n el pr\u00f3ximo 11 de agosto<\/span><\/span><\/li>\n<li><span style=\"font-style: inherit; font-weight: inherit;\"><span style=\"font-style: inherit; font-weight: inherit;\">Comenzar a debatir el rol del Estado y las pol\u00edticas p\u00fablicas<\/span><\/span><\/li>\n<li><span style=\"font-style: inherit; font-weight: inherit;\"><span style=\"font-style: inherit; font-weight: inherit;\">Realizar entre todas las provincias el Contrainforme del \u201cEstado del Estado\u201d presentado por el Gobierno<\/span><\/span><\/li>\n<li><span style=\"font-style: inherit; font-weight: inherit;\"><span style=\"font-style: inherit; font-weight: inherit;\">Adherir y marchar el pr\u00f3ximo 7 de agosto, desde Liniers a Plaza de Mayo, junto a las organizaciones convocantes bajo la consigna Tierra, Techo y Trabajo<\/span><\/span><\/li>\n<li><span style=\"font-style: inherit; font-weight: inherit;\"><span style=\"font-style: inherit; font-weight: inherit;\">Avanzar en la discusi\u00f3n para la construcci\u00f3n de unidad de los trabajadores en la CTA-A<\/span><\/span><\/li>\n<li><span style=\"font-style: inherit; font-weight: inherit;\"><span style=\"font-style: inherit; font-weight: inherit;\">Formar parte de la Conferencia Nacional de Salud a realizarse el 28 y 29 de septiembre pr\u00f3ximo<\/span><\/span><\/li>\n<li><span style=\"font-style: inherit; font-weight: inherit;\"><span style=\"font-style: inherit; font-weight: inherit;\">Continuar durante el pr\u00f3ximo semestre con los cursos de Formaci\u00f3n de dirigentes y delegados<\/span><\/span><\/li>\n<li><span style=\"font-style: inherit; font-weight: inherit;\"><span style=\"font-style: inherit; font-weight: inherit;\">Acompa\u00f1ar la Jornada Internacional contra las Multinacionales a realizarse 11 de noviembre<\/span><\/span><\/li>\n<li><span style=\"font-style: inherit; font-weight: inherit;\"><span style=\"font-style: inherit; font-weight: inherit;\">Avanzar con el debate de coparticipaci\u00f3n para los municipios e incluir a los diputados y senadores provinciales para que se sumen a la propuesta<\/span><\/span><\/li>\n<li><span style=\"font-style: inherit; font-weight: inherit;\"><span style=\"font-style: inherit; font-weight: inherit;\">Realizar en el mes de agosto el Encuentro en Defensa del Sistema Previsional P\u00fablico y Solidario con delegados de Anses, PAMI e Institutos previsionales de cada provincia<\/span><\/span><\/li>\n<li><span style=\"font-style: inherit; font-weight: inherit;\"><span style=\"font-style: inherit; font-weight: inherit;\">Realizar el Encuentro de J\u00f3venes de la Regi\u00f3n Centro (C\u00f3rdoba, Santa Fe y Entre R\u00edos) a llevarse a cabo el 19 y 20 de noviembre<\/span><\/span><\/li>\n<li><span style=\"font-style: inherit; font-weight: inherit;\"><span style=\"font-style: inherit; font-weight: inherit;\">Realizar campa\u00f1as de esclarecimientos sobre los tratados internacionales como el TPP y TISA.<\/span><\/span><\/li>\n<\/ul>\n","protected":false},"excerpt":{"rendered":"<p>Por unanimidad, la Conducci\u00f3n nacional integrada por el Consejo Directivo Nacional junto a los Secretarios General de las provincias, resolvieron realizar un Paro Nacional con movilizaci\u00f3n el pr\u00f3ximo 11 de agosto. (fuente: El trabajador del Estado) A la reincorporaci\u00f3n de todos los trabajadores injustamente despedidos, la reapertura de la paritaria nacional y la apertura de [&hellip;]<\/p>\n","protected":false},"author":1,"featured_media":19220,"comment_status":"open","ping_status":"open","sticky":false,"template":"","format":"standard","meta":{"_exactmetrics_skip_tracking":false,"_exactmetrics_sitenote_active":false,"_exactmetrics_sitenote_note":"","_exactmetrics_sitenote_category":0,"jnews-multi-image_gallery":[],"jnews_single_post":[],"jnews_primary_category":[],"jnews_social_meta":[],"jnews_review":[],"enable_review":"","type":"","name":"","summary":"","brand":"","sku":"","good":[],"bad":[],"score_override":"","override_value":"","rating":[],"price":[],"jnews_override_counter":[],"jnews_post_split":[],"footnotes":""},"categories":[18,21],"tags":[],"class_list":["post-7126","post","type-post","status-publish","format-standard","has-post-thumbnail","hentry","category-nacionales","category-paro-nacional"],"jetpack_featured_media_url":"https:\/\/atecordoba.org\/wp-content\/uploads\/2020\/05\/logo-nuevochico-e1561581322808.png","_links":{"self":[{"href":"https:\/\/atecordoba.org\/index.php?rest_route=\/wp\/v2\/posts\/7126","targetHints":{"allow":["GET"]}}],"collection":[{"href":"https:\/\/atecordoba.org\/index.php?rest_route=\/wp\/v2\/posts"}],"about":[{"href":"https:\/\/atecordoba.org\/index.php?rest_route=\/wp\/v2\/types\/post"}],"author":[{"embeddable":true,"href":"https:\/\/atecordoba.org\/index.php?rest_route=\/wp\/v2\/users\/1"}],"replies":[{"embeddable":true,"href":"https:\/\/atecordoba.org\/index.php?rest_route=%2Fwp%2Fv2%2Fcomments&post=7126"}],"version-history":[{"count":0,"href":"https:\/\/atecordoba.org\/index.php?rest_route=\/wp\/v2\/posts\/7126\/revisions"}],"wp:featuredmedia":[{"embeddable":true,"href":"https:\/\/atecordoba.org\/index.php?rest_route=\/wp\/v2\/media\/19220"}],"wp:attachment":[{"href":"https:\/\/atecordoba.org\/index.php?rest_route=%2Fwp%2Fv2%2Fmedia&parent=7126"}],"wp:term":[{"taxonomy":"category","embeddable":true,"href":"https:\/\/atecordoba.org\/index.php?rest_route=%2Fwp%2Fv2%2Fcategories&post=7126"},{"taxonomy":"post_tag","embeddable":true,"href":"https:\/\/atecordoba.org\/index.php?rest_route=%2Fwp%2Fv2%2Ftags&post=7126"}],"curies":[{"name":"wp","href":"https:\/\/api.w.org\/{rel}","templated":true}]}}