{"id":7119,"date":"2016-07-26T18:37:37","date_gmt":"2016-07-26T21:37:37","guid":{"rendered":"http:\/\/www.atecordoba.org\/?p=7119"},"modified":"2016-07-26T18:37:37","modified_gmt":"2016-07-26T21:37:37","slug":"plenario-de-delegados-nacionales-para-preparar-el-paro-del-11-de-agosto","status":"publish","type":"post","link":"https:\/\/atecordoba.org\/?p=7119","title":{"rendered":"Plenario de delegados Nacionales para organizar el paro del 11 de agosto"},"content":{"rendered":"<div><\/div>\n<div><em>El plenario est\u00e1 convocado para organizar el paro nacional del pr\u00f3ximo <span id=\"OBJ_PREFIX_DWT134_com_zimbra_date\" class=\"Object\">11 de agosto<\/span>, cuando nuestro gremio realizar\u00e1 una gran medida de fuerza en todo el territorio nacional en rechazo a la pol\u00edtica que lleva a cabo el gobierno de Macri. <\/em><\/div>\n<div><img loading=\"lazy\" decoding=\"async\" class=\"aligncenter size-full wp-image-7120\" src=\"http:\/\/www.atecordoba.org\/wp-content\/uploads\/2016\/07\/1.png\" alt=\"1\" width=\"550\" height=\"308\" \/><\/div>\n<div>ATE reclama reapertura de paritarias, fin de los despidos y reincorporaci\u00f3n de los compa\u00f1eros despedidos, entre otros puntos. El encuentro se llevar\u00e1 a cabo en sede del Consejo Directivo Provincial de ATE, Entre R\u00edos 450, a las 10 horas.<\/div>\n<div><\/div>\n<div><\/div>\n","protected":false},"excerpt":{"rendered":"<p>El plenario est\u00e1 convocado para organizar el paro nacional del pr\u00f3ximo 11 de agosto, cuando nuestro gremio realizar\u00e1 una gran medida de fuerza en todo el territorio nacional en rechazo a la pol\u00edtica que lleva a cabo el gobierno de Macri. ATE reclama reapertura de paritarias, fin de los despidos y reincorporaci\u00f3n de los compa\u00f1eros [&hellip;]<\/p>\n","protected":false},"author":1,"featured_media":19220,"comment_status":"open","ping_status":"open","sticky":false,"template":"","format":"standard","meta":{"_exactmetrics_skip_tracking":false,"_exactmetrics_sitenote_active":false,"_exactmetrics_sitenote_note":"","_exactmetrics_sitenote_category":0,"jnews-multi-image_gallery":[],"jnews_single_post":[],"jnews_primary_category":[],"jnews_social_meta":[],"jnews_review":[],"enable_review":"","type":"","name":"","summary":"","brand":"","sku":"","good":[],"bad":[],"score_override":"","override_value":"","rating":[],"price":[],"jnews_override_counter":[],"jnews_post_split":[],"footnotes":""},"categories":[18],"tags":[],"class_list":["post-7119","post","type-post","status-publish","format-standard","has-post-thumbnail","hentry","category-nacionales"],"jetpack_featured_media_url":"https:\/\/atecordoba.org\/wp-content\/uploads\/2020\/05\/logo-nuevochico-e1561581322808.png","_links":{"self":[{"href":"https:\/\/atecordoba.org\/index.php?rest_route=\/wp\/v2\/posts\/7119","targetHints":{"allow":["GET"]}}],"collection":[{"href":"https:\/\/atecordoba.org\/index.php?rest_route=\/wp\/v2\/posts"}],"about":[{"href":"https:\/\/atecordoba.org\/index.php?rest_route=\/wp\/v2\/types\/post"}],"author":[{"embeddable":true,"href":"https:\/\/atecordoba.org\/index.php?rest_route=\/wp\/v2\/users\/1"}],"replies":[{"embeddable":true,"href":"https:\/\/atecordoba.org\/index.php?rest_route=%2Fwp%2Fv2%2Fcomments&post=7119"}],"version-history":[{"count":0,"href":"https:\/\/atecordoba.org\/index.php?rest_route=\/wp\/v2\/posts\/7119\/revisions"}],"wp:featuredmedia":[{"embeddable":true,"href":"https:\/\/atecordoba.org\/index.php?rest_route=\/wp\/v2\/media\/19220"}],"wp:attachment":[{"href":"https:\/\/atecordoba.org\/index.php?rest_route=%2Fwp%2Fv2%2Fmedia&parent=7119"}],"wp:term":[{"taxonomy":"category","embeddable":true,"href":"https:\/\/atecordoba.org\/index.php?rest_route=%2Fwp%2Fv2%2Fcategories&post=7119"},{"taxonomy":"post_tag","embeddable":true,"href":"https:\/\/atecordoba.org\/index.php?rest_route=%2Fwp%2Fv2%2Ftags&post=7119"}],"curies":[{"name":"wp","href":"https:\/\/api.w.org\/{rel}","templated":true}]}}