{"id":7114,"date":"2016-07-18T20:03:10","date_gmt":"2016-07-18T23:03:10","guid":{"rendered":"http:\/\/www.atecordoba.org\/?p=7114"},"modified":"2016-07-18T20:03:10","modified_gmt":"2016-07-18T23:03:10","slug":"jubilados-rechazo-a-la-armonizacion-funeraria-de-las-cajas-provinciales","status":"publish","type":"post","link":"https:\/\/atecordoba.org\/?p=7114","title":{"rendered":"Jubilados: rechazo a  la \u201carmonizaci\u00f3n\u201d funeraria  de las cajas provinciales"},"content":{"rendered":"<p><em>Con motivo de la aprobaci\u00f3n de una ley de armonizaci\u00f3n en la provincia de Formosa, el Centro de Jubilados Nacional de ATE emiti\u00f3 un comunicado, repudiando la medida.<\/em><\/p>\n<p><img loading=\"lazy\" decoding=\"async\" class=\"aligncenter size-full wp-image-7115\" src=\"http:\/\/www.atecordoba.org\/wp-content\/uploads\/2016\/07\/jubilados-2-e1468882923926.jpg\" alt=\"jubilados 2\" width=\"550\" height=\"368\" \/><\/p>\n<p>&#8220;Una vez m\u00e1s a espaldas de jubilados y activos, en \u00e9sta oportunidad sin falsas m\u00e1scaras, el rostro m\u00e1s inhumano del liberalismo econ\u00f3mico- financiero, intenta completar su obra inconclusa iniciada en la d\u00e9cada de los 90\u2019.<\/p>\n<p>La denominada \u201carmonizaci\u00f3n\u201d de las cajas previsionales en nuestro pa\u00eds ha tenido un nuevo avance, en relaci\u00f3n a nuestros intereses\u00a0\u00a0de car\u00e1cter regresivo, con la reciente aprobaci\u00f3n de parte de la Legislatura de la Provincia de Formosa, de un proyecto de ley modificatorio del r\u00e9gimen jubilatorio, enviado por el Ejecutivo local.<\/p>\n<p>Mediante la aplicaci\u00f3n de \u00e9sta norma, La Provincia de Formosa, se alinea a otras doce, a la letra de la Ley de Reparaci\u00f3n Hist\u00f3rica para Jubilados, impulsada por el Presidente Mauricio Macri, y recientemente aprobada por el Congreso de la Naci\u00f3n, y que constituye un retroceso y una injusticia.<\/p>\n<p>Aquella normativa, contraria a los principios defensivos y protectivos que se enmarcan en la propuesta de Ley impulsada desde el Centro Nacional de Pensionados y Jubilados de la ATE y otras organizaciones sociales, en Audiencia P\u00fablica en el Congreso de la Naci\u00f3n, ha sido conceptualmente rechazada por nuestra parte.<\/p>\n<p><strong>NO SE TRATA DE NUESTRO PRESENTE\u00a0<\/strong><strong>TAMBI\u00c9N\u00a0SE TRATA DE TU FUTURO<\/strong><\/p>\n<p>La mencionada \u201carmonizaci\u00f3n\u201d implica un certificado de defunci\u00f3n anticipado para miles de jubilados y pensionados, y millones de trabajadores activos, al momento de ingresar a la etapa vivencial de Tercera Edad, quienes a corto o mediano plazo, seremos despojados de nuestros recursos aportados a lo largo de nuestras vidas activas, constituyendo un delito.<\/p>\n<p>Estos aportes vienen siendo realizados con profundo\u00a0\u00a0car\u00e1cter solidario y humanista, no solo a los fines de cubrir satisfactoriamente las necesidades de nuestra adult\u00e9z,\u00a0\u00a0sino tambi\u00e9n anticipando \u00e9sa cobertura a los futuros jubilados.<\/p>\n<p>La pretensi\u00f3n final del proceso que comienza con la aplicaci\u00f3n de Ley de Reparaci\u00f3n Hist\u00f3rica para Jubilados, tiende a desfinanciar las Cajas Previsionales con fines perversos y ajenos a la preservaci\u00f3n de nuestra vej\u00e9z en condiciones dignas, para implementar a manera de limosna \u201csocial\u201d, un\u00a0\u00a0inconsistente subsidio a la ancianidad.<\/p>\n<p><strong>\u00a0<\/strong><strong>SOMOS JUBILADOS. NO PASIVOS.\u00a0<\/strong><strong>Y TENEMOS JUVENTUD ACUMULADA\u00a0<\/strong><strong>PARA SEGUIR RESISTIENDO!!!<\/strong><\/p>\n<p>Los Jubilados y Pensionados de la Asociaci\u00f3n Trabajadores del Estado nos ponemos en estado de alerta y movilizaci\u00f3n, frente a \u00e9ste nuevo atropello a nuestros derechos constitucionales, y apelamos al respaldo de los compa\u00f1eros activos, futuros\/inmediatos damnificados con la liquidaci\u00f3n prevista del sistema previsional, del que conjuntamente somos los \u00fanicos y leg\u00edtimos due\u00f1os.<\/p>\n<p>Frente a \u00e9ste dram\u00e1tico presente, NOSOTROS, SOMOS TODOS!&#8221;<\/p>\n<p>&nbsp;<\/p>\n","protected":false},"excerpt":{"rendered":"<p>Con motivo de la aprobaci\u00f3n de una ley de armonizaci\u00f3n en la provincia de Formosa, el Centro de Jubilados Nacional de ATE emiti\u00f3 un comunicado, repudiando la medida. &#8220;Una vez m\u00e1s a espaldas de jubilados y activos, en \u00e9sta oportunidad sin falsas m\u00e1scaras, el rostro m\u00e1s inhumano del liberalismo econ\u00f3mico- financiero, intenta completar su obra [&hellip;]<\/p>\n","protected":false},"author":1,"featured_media":19220,"comment_status":"open","ping_status":"open","sticky":false,"template":"","format":"standard","meta":{"_exactmetrics_skip_tracking":false,"_exactmetrics_sitenote_active":false,"_exactmetrics_sitenote_note":"","_exactmetrics_sitenote_category":0,"jnews-multi-image_gallery":[],"jnews_single_post":[],"jnews_primary_category":[],"jnews_social_meta":[],"jnews_review":[],"enable_review":"","type":"","name":"","summary":"","brand":"","sku":"","good":[],"bad":[],"score_override":"","override_value":"","rating":[],"price":[],"jnews_override_counter":[],"jnews_post_split":[],"footnotes":""},"categories":[22],"tags":[],"class_list":["post-7114","post","type-post","status-publish","format-standard","has-post-thumbnail","hentry","category-jubilados"],"jetpack_featured_media_url":"https:\/\/atecordoba.org\/wp-content\/uploads\/2020\/05\/logo-nuevochico-e1561581322808.png","_links":{"self":[{"href":"https:\/\/atecordoba.org\/index.php?rest_route=\/wp\/v2\/posts\/7114","targetHints":{"allow":["GET"]}}],"collection":[{"href":"https:\/\/atecordoba.org\/index.php?rest_route=\/wp\/v2\/posts"}],"about":[{"href":"https:\/\/atecordoba.org\/index.php?rest_route=\/wp\/v2\/types\/post"}],"author":[{"embeddable":true,"href":"https:\/\/atecordoba.org\/index.php?rest_route=\/wp\/v2\/users\/1"}],"replies":[{"embeddable":true,"href":"https:\/\/atecordoba.org\/index.php?rest_route=%2Fwp%2Fv2%2Fcomments&post=7114"}],"version-history":[{"count":0,"href":"https:\/\/atecordoba.org\/index.php?rest_route=\/wp\/v2\/posts\/7114\/revisions"}],"wp:featuredmedia":[{"embeddable":true,"href":"https:\/\/atecordoba.org\/index.php?rest_route=\/wp\/v2\/media\/19220"}],"wp:attachment":[{"href":"https:\/\/atecordoba.org\/index.php?rest_route=%2Fwp%2Fv2%2Fmedia&parent=7114"}],"wp:term":[{"taxonomy":"category","embeddable":true,"href":"https:\/\/atecordoba.org\/index.php?rest_route=%2Fwp%2Fv2%2Fcategories&post=7114"},{"taxonomy":"post_tag","embeddable":true,"href":"https:\/\/atecordoba.org\/index.php?rest_route=%2Fwp%2Fv2%2Ftags&post=7114"}],"curies":[{"name":"wp","href":"https:\/\/api.w.org\/{rel}","templated":true}]}}