{"id":7108,"date":"2016-07-14T18:40:49","date_gmt":"2016-07-14T21:40:49","guid":{"rendered":"http:\/\/www.atecordoba.org\/?p=7108"},"modified":"2016-07-14T18:40:49","modified_gmt":"2016-07-14T21:40:49","slug":"la-asamblea-del-ipad-profundiza-el-conflicto-en-la-manzana-psiquiatrica","status":"publish","type":"post","link":"https:\/\/atecordoba.org\/?p=7108","title":{"rendered":"La asamblea del IPAD profundiza el conflicto en la manzana psiqui\u00e1trica"},"content":{"rendered":"<p><em>En una masiva\u00a0asamblea convocada hoy por ATE , los trabajadores llamaron a una nueva protesta para el martes que viene.<\/em><\/p>\n<p><img loading=\"lazy\" decoding=\"async\" class=\"aligncenter size-full wp-image-7109\" src=\"http:\/\/www.atecordoba.org\/wp-content\/uploads\/2016\/07\/WhatsApp-Image-20160714-e1468531959640.jpeg\" alt=\"WhatsApp-Image-20160714\" width=\"550\" height=\"310\" \/><\/p>\n<p>Los trabajadores del Instituto Provincial de Alcoholismo y Drogadicci\u00f3n resolvieron en asamblea profundizar las medidas de lucha que se vienen implementado, producto de la falta de respuesta del gobierno ante nuestros reclamos.<\/p>\n<p>&#8220;Se ha decidido establecer un estado de asamblea permanente sin atenci\u00f3n por consultorios externos, atendiendo s\u00f3lo la guardia e internado&#8221;, explic\u00f3 Silvia Iberlucea, delegada de ATE.<\/p>\n<ul>\n<li>Los trabajadores se vieron\u00a0empujados a la realizaci\u00f3n de estas medidas debido a las pol\u00edticas de vaciamiento y destrucci\u00f3n de la salud p\u00fablica que han llevado adelante los distintos gobiernos, que provocaron la situaci\u00f3n insostenible que vienen\u00a0denunciando y que vulnera tanto los derechos de la poblaci\u00f3n a ser atendida dignamente, como los derechos de los trabajadores expuestos a malas condiciones laborales.<\/li>\n<li>La asamblea hizo p\u00fablica una grave denuncia por:<\/li>\n<li>Sobrecarga de atenci\u00f3n en nuestra instituci\u00f3n por falta de atenci\u00f3n en 1er. y 2do. nivel (dispensarios y hospitales generales).<\/li>\n<li>Falta de personal ante tanta demanda.<\/li>\n<li>Personal precarizado (m\u00e1s de la mitad contratado y monotributista)<\/li>\n<li>Personal mal pago con salarios por debajo del costo de la canasta familiar y con pluriempleo.<\/li>\n<li>Falta sistem\u00e1tica de medicaci\u00f3n.<\/li>\n<li>Falta de creaci\u00f3n de dispositivos alternativos a la internaci\u00f3n.<\/li>\n<li>Incumplimiento de las leyes de salud Mental.<\/li>\n<\/ul>\n<p>El martes por la ma\u00f1ana est\u00e1 previsto realizar asambleas en el IPAD, La Casa del Joven y el Hospital Neuropsiqui\u00e1tricos para posteriormente realizar una protesta conjunta.<\/p>\n","protected":false},"excerpt":{"rendered":"<p>En una masiva\u00a0asamblea convocada hoy por ATE , los trabajadores llamaron a una nueva protesta para el martes que viene. Los trabajadores del Instituto Provincial de Alcoholismo y Drogadicci\u00f3n resolvieron en asamblea profundizar las medidas de lucha que se vienen implementado, producto de la falta de respuesta del gobierno ante nuestros reclamos. &#8220;Se ha decidido [&hellip;]<\/p>\n","protected":false},"author":1,"featured_media":19220,"comment_status":"open","ping_status":"open","sticky":false,"template":"","format":"standard","meta":{"_exactmetrics_skip_tracking":false,"_exactmetrics_sitenote_active":false,"_exactmetrics_sitenote_note":"","_exactmetrics_sitenote_category":0,"jnews-multi-image_gallery":[],"jnews_single_post":[],"jnews_primary_category":[],"jnews_social_meta":[],"jnews_review":[],"enable_review":"","type":"","name":"","summary":"","brand":"","sku":"","good":[],"bad":[],"score_override":"","override_value":"","rating":[],"price":[],"jnews_override_counter":[],"jnews_post_split":[],"footnotes":""},"categories":[7,8],"tags":[],"class_list":["post-7108","post","type-post","status-publish","format-standard","has-post-thumbnail","hentry","category-hospitales","category-provinciales"],"jetpack_featured_media_url":"https:\/\/atecordoba.org\/wp-content\/uploads\/2020\/05\/logo-nuevochico-e1561581322808.png","_links":{"self":[{"href":"https:\/\/atecordoba.org\/index.php?rest_route=\/wp\/v2\/posts\/7108","targetHints":{"allow":["GET"]}}],"collection":[{"href":"https:\/\/atecordoba.org\/index.php?rest_route=\/wp\/v2\/posts"}],"about":[{"href":"https:\/\/atecordoba.org\/index.php?rest_route=\/wp\/v2\/types\/post"}],"author":[{"embeddable":true,"href":"https:\/\/atecordoba.org\/index.php?rest_route=\/wp\/v2\/users\/1"}],"replies":[{"embeddable":true,"href":"https:\/\/atecordoba.org\/index.php?rest_route=%2Fwp%2Fv2%2Fcomments&post=7108"}],"version-history":[{"count":0,"href":"https:\/\/atecordoba.org\/index.php?rest_route=\/wp\/v2\/posts\/7108\/revisions"}],"wp:featuredmedia":[{"embeddable":true,"href":"https:\/\/atecordoba.org\/index.php?rest_route=\/wp\/v2\/media\/19220"}],"wp:attachment":[{"href":"https:\/\/atecordoba.org\/index.php?rest_route=%2Fwp%2Fv2%2Fmedia&parent=7108"}],"wp:term":[{"taxonomy":"category","embeddable":true,"href":"https:\/\/atecordoba.org\/index.php?rest_route=%2Fwp%2Fv2%2Fcategories&post=7108"},{"taxonomy":"post_tag","embeddable":true,"href":"https:\/\/atecordoba.org\/index.php?rest_route=%2Fwp%2Fv2%2Ftags&post=7108"}],"curies":[{"name":"wp","href":"https:\/\/api.w.org\/{rel}","templated":true}]}}