{"id":7105,"date":"2016-07-12T19:18:37","date_gmt":"2016-07-12T22:18:37","guid":{"rendered":"http:\/\/www.atecordoba.org\/?p=7105"},"modified":"2016-07-12T19:18:37","modified_gmt":"2016-07-12T22:18:37","slug":"ate-rinde-homenaje-a-german-abdala","status":"publish","type":"post","link":"https:\/\/atecordoba.org\/?p=7105","title":{"rendered":"ATE rinde homenaje a Germ\u00e1n Abdala"},"content":{"rendered":"<p><em>A 23 a\u00f1os de su fallecimiento, el Consejo Directivo Provincial rinde homenaje al compa\u00f1ero Germ\u00e1n Abdala.<\/em><\/p>\n<p><img loading=\"lazy\" decoding=\"async\" class=\"aligncenter size-full wp-image-7106\" src=\"http:\/\/www.atecordoba.org\/wp-content\/uploads\/2016\/07\/german-e1468361870576.jpg\" alt=\"german\" width=\"550\" height=\"344\" \/><\/p>\n<p>Laburante desde siempre y trabajador de la Secretaria de Miner\u00eda de la Naci\u00f3n, fue con otros grandes compa\u00f1eros el fundador de Anusate y protagonista de la recuperaci\u00f3n de ATE de las manos de la burocracia c\u00f3mplice de la dictadura en 1984.<\/p>\n<p>Desde joven se destac\u00f3 por la lucidez de su pensamiento, su compromiso con la militancia y su fe inquebrantable en la organizaci\u00f3n de los trabajadores como instancia de la construcci\u00f3n del poder popular.<\/p>\n<p>Por eso fue protagonista del crecimiento organizativo de ATE en todo el pa\u00eds, de la creaci\u00f3n de la CTA, como alternativa organizativa con la necesaria autonom\u00eda de los gobiernos, los partidos pol\u00edticos y las corporaciones empresarias.<\/p>\n<p>A la hora de dar la discusi\u00f3n pol\u00edtica no dud\u00f3 en asumir su responsabilidad como diputado nacional all\u00e1 por el \u201989. Pero cuando la traici\u00f3n del justicialismo puso bandera de remate al Estado nacional, tampoco dud\u00f3 en apartarse del calor de aquella mayor\u00eda c\u00f3mplice en el Congreso para asumir la lucha en defensa de los intereses nacionales. Porque entre la lealtad partidaria y la lealtad a la clase trabajadora eligi\u00f3 la segunda y hoy es referencia para las organizaciones populares.<\/p>\n<p>Desde C\u00f3rdoba siempre recordaremos a Germ\u00e1n como el mejor de los nuestros. Sabemos que su legado no se declama sino que se practica en la acci\u00f3n cotidiana. En eso estamos.<\/p>\n<p>Homenaje del CDN<\/p>\n<p>El Consejo Directivo Nacional realizar\u00e1 ma\u00f1ana, 13 de julio, un acto en homenaje a Germ\u00e1n Abdala en la sede nacional de nuestro gremio. La convocatoria es a las 16 horas en el Anfiteatro Eva Per\u00f3n.<\/p>\n<p style=\"text-align: right;\">\n<p style=\"text-align: right;\">Mar\u00eda Liliana Salerno<\/p>\n<p style=\"text-align: right;\">Secretaria General<\/p>\n","protected":false},"excerpt":{"rendered":"<p>A 23 a\u00f1os de su fallecimiento, el Consejo Directivo Provincial rinde homenaje al compa\u00f1ero Germ\u00e1n Abdala. Laburante desde siempre y trabajador de la Secretaria de Miner\u00eda de la Naci\u00f3n, fue con otros grandes compa\u00f1eros el fundador de Anusate y protagonista de la recuperaci\u00f3n de ATE de las manos de la burocracia c\u00f3mplice de la dictadura [&hellip;]<\/p>\n","protected":false},"author":1,"featured_media":19220,"comment_status":"open","ping_status":"open","sticky":false,"template":"","format":"standard","meta":{"_exactmetrics_skip_tracking":false,"_exactmetrics_sitenote_active":false,"_exactmetrics_sitenote_note":"","_exactmetrics_sitenote_category":0,"jnews-multi-image_gallery":[],"jnews_single_post":[],"jnews_primary_category":[],"jnews_social_meta":[],"jnews_review":[],"enable_review":"","type":"","name":"","summary":"","brand":"","sku":"","good":[],"bad":[],"score_override":"","override_value":"","rating":[],"price":[],"jnews_override_counter":[],"jnews_post_split":[],"footnotes":""},"categories":[1],"tags":[],"class_list":["post-7105","post","type-post","status-publish","format-standard","has-post-thumbnail","hentry","category-sin-categoria"],"jetpack_featured_media_url":"https:\/\/atecordoba.org\/wp-content\/uploads\/2020\/05\/logo-nuevochico-e1561581322808.png","_links":{"self":[{"href":"https:\/\/atecordoba.org\/index.php?rest_route=\/wp\/v2\/posts\/7105","targetHints":{"allow":["GET"]}}],"collection":[{"href":"https:\/\/atecordoba.org\/index.php?rest_route=\/wp\/v2\/posts"}],"about":[{"href":"https:\/\/atecordoba.org\/index.php?rest_route=\/wp\/v2\/types\/post"}],"author":[{"embeddable":true,"href":"https:\/\/atecordoba.org\/index.php?rest_route=\/wp\/v2\/users\/1"}],"replies":[{"embeddable":true,"href":"https:\/\/atecordoba.org\/index.php?rest_route=%2Fwp%2Fv2%2Fcomments&post=7105"}],"version-history":[{"count":0,"href":"https:\/\/atecordoba.org\/index.php?rest_route=\/wp\/v2\/posts\/7105\/revisions"}],"wp:featuredmedia":[{"embeddable":true,"href":"https:\/\/atecordoba.org\/index.php?rest_route=\/wp\/v2\/media\/19220"}],"wp:attachment":[{"href":"https:\/\/atecordoba.org\/index.php?rest_route=%2Fwp%2Fv2%2Fmedia&parent=7105"}],"wp:term":[{"taxonomy":"category","embeddable":true,"href":"https:\/\/atecordoba.org\/index.php?rest_route=%2Fwp%2Fv2%2Fcategories&post=7105"},{"taxonomy":"post_tag","embeddable":true,"href":"https:\/\/atecordoba.org\/index.php?rest_route=%2Fwp%2Fv2%2Ftags&post=7105"}],"curies":[{"name":"wp","href":"https:\/\/api.w.org\/{rel}","templated":true}]}}