{"id":7100,"date":"2016-07-11T20:09:29","date_gmt":"2016-07-11T23:09:29","guid":{"rendered":"http:\/\/www.atecordoba.org\/?p=7100"},"modified":"2016-07-11T20:09:29","modified_gmt":"2016-07-11T23:09:29","slug":"ate-participo-de-la-fiesta-patria-en-san-marcos-sierra","status":"publish","type":"post","link":"https:\/\/atecordoba.org\/?p=7100","title":{"rendered":"ATE participo de la fiesta patria en San Marcos Sierra"},"content":{"rendered":"<p><em>En la oportunidad nuestro gremio don\u00f3 una bandera nacional a la\u00a0Asociaci\u00f3n Gaucha Evaristo Luna.<\/em><\/p>\n<p><img loading=\"lazy\" decoding=\"async\" class=\"aligncenter size-full wp-image-7101\" src=\"http:\/\/www.atecordoba.org\/wp-content\/uploads\/2016\/07\/WhatsApp-Image-20160711-e1468278535187.jpeg\" alt=\"WhatsApp-Image-20160711\" width=\"550\" height=\"310\" \/><\/p>\n<p>En la fiesta del 9 de julio realizada en la localidad serrana ATE particip\u00f3 junto a las organizaciones sociales e institucionales representativas de la ciudad. La jornada estuvo encabezada por el intendente Cesar Bringas.<\/p>\n<p>En representaci\u00f3n del Consejo Directivo Provincial estuvieron presentes los compa\u00f1eros secretario Adjunto, Luis Barcena, y secretario de Interior, Alejandro Murua, junto a los delegados municipales\u00a0Antonio Tulian y Juan Moreno.<\/p>\n<p>De esta forma, se da cuenta de la inserci\u00f3n y representaci\u00f3n de ATE entre los trabajadores municipales, situaci\u00f3n reconocida por el conjunto de la comunidad de San Marcos Sierra.<\/p>\n<p>&nbsp;<\/p>\n","protected":false},"excerpt":{"rendered":"<p>En la oportunidad nuestro gremio don\u00f3 una bandera nacional a la\u00a0Asociaci\u00f3n Gaucha Evaristo Luna. En la fiesta del 9 de julio realizada en la localidad serrana ATE particip\u00f3 junto a las organizaciones sociales e institucionales representativas de la ciudad. La jornada estuvo encabezada por el intendente Cesar Bringas. En representaci\u00f3n del Consejo Directivo Provincial estuvieron [&hellip;]<\/p>\n","protected":false},"author":1,"featured_media":19220,"comment_status":"open","ping_status":"open","sticky":false,"template":"","format":"standard","meta":{"_exactmetrics_skip_tracking":false,"_exactmetrics_sitenote_active":false,"_exactmetrics_sitenote_note":"","_exactmetrics_sitenote_category":0,"jnews-multi-image_gallery":[],"jnews_single_post":[],"jnews_primary_category":[],"jnews_social_meta":[],"jnews_review":[],"enable_review":"","type":"","name":"","summary":"","brand":"","sku":"","good":[],"bad":[],"score_override":"","override_value":"","rating":[],"price":[],"jnews_override_counter":[],"jnews_post_split":[],"footnotes":""},"categories":[20],"tags":[],"class_list":["post-7100","post","type-post","status-publish","format-standard","has-post-thumbnail","hentry","category-municipales"],"jetpack_featured_media_url":"https:\/\/atecordoba.org\/wp-content\/uploads\/2020\/05\/logo-nuevochico-e1561581322808.png","_links":{"self":[{"href":"https:\/\/atecordoba.org\/index.php?rest_route=\/wp\/v2\/posts\/7100","targetHints":{"allow":["GET"]}}],"collection":[{"href":"https:\/\/atecordoba.org\/index.php?rest_route=\/wp\/v2\/posts"}],"about":[{"href":"https:\/\/atecordoba.org\/index.php?rest_route=\/wp\/v2\/types\/post"}],"author":[{"embeddable":true,"href":"https:\/\/atecordoba.org\/index.php?rest_route=\/wp\/v2\/users\/1"}],"replies":[{"embeddable":true,"href":"https:\/\/atecordoba.org\/index.php?rest_route=%2Fwp%2Fv2%2Fcomments&post=7100"}],"version-history":[{"count":0,"href":"https:\/\/atecordoba.org\/index.php?rest_route=\/wp\/v2\/posts\/7100\/revisions"}],"wp:featuredmedia":[{"embeddable":true,"href":"https:\/\/atecordoba.org\/index.php?rest_route=\/wp\/v2\/media\/19220"}],"wp:attachment":[{"href":"https:\/\/atecordoba.org\/index.php?rest_route=%2Fwp%2Fv2%2Fmedia&parent=7100"}],"wp:term":[{"taxonomy":"category","embeddable":true,"href":"https:\/\/atecordoba.org\/index.php?rest_route=%2Fwp%2Fv2%2Fcategories&post=7100"},{"taxonomy":"post_tag","embeddable":true,"href":"https:\/\/atecordoba.org\/index.php?rest_route=%2Fwp%2Fv2%2Ftags&post=7100"}],"curies":[{"name":"wp","href":"https:\/\/api.w.org\/{rel}","templated":true}]}}