{"id":71,"date":"2010-10-05T14:30:18","date_gmt":"2010-10-05T17:30:18","guid":{"rendered":"http:\/\/www.atecordoba.org\/?p=71"},"modified":"2010-10-05T14:30:18","modified_gmt":"2010-10-05T17:30:18","slug":"jubilados-reclamaron-apoyo-de-senadores-cordobeses-al-82-movil","status":"publish","type":"post","link":"https:\/\/atecordoba.org\/?p=71","title":{"rendered":"Jubilados reclamaron apoyo de senadores cordobeses al 82% m\u00f3vil"},"content":{"rendered":"<p><img loading=\"lazy\" decoding=\"async\" class=\"size-full wp-image-72 aligncenter\" title=\"arton74-c6093\" src=\"http:\/\/www.atecordoba.org\/wp-content\/uploads\/2012\/06\/arton74-c6093.jpg\" alt=\"\" width=\"440\" height=\"330\" \/><\/p>\n<p><strong>(C\u00f3rdoba, 5-10-2010)<\/strong><\/p>\n<p><strong> ATE-CTA y la Comisi\u00f3n Permanente de Jubilados y Pensionados realizaron hoy un acto p\u00fablico para reclamar el apoyo de los senadores cordobeses al proyecto de ley que tratar\u00e1 la C\u00e1mara Alta la semana que viene, referido al pago del 82% m\u00f3vil para los jubilados que cobran la m\u00ednima<\/strong><\/p>\n<div>\n<p>ATE-CTA y la Comisi\u00f3n Permanente de Jubilados y Pensionados realizaron hoy un acto p\u00fablico para reclamar el apoyo de los senadores cordobeses al proyecto de ley que tratar\u00e1 la C\u00e1mara Alta la semana que viene, referido al pago del 82% m\u00f3vil para los jubilados que cobran la m\u00ednima.<\/p>\n<p>En la oportunidad participaron los legisladores provinciales Roberto Birri y Ra\u00fal Jim\u00e9nez por el Frente C\u00edvico, quienes comprometieron el voto positivo de los senadores lu\u00eds Juez y Norma Morandini. Tambi\u00e9n estuvo presente la legisladora por Izquierda Unida Liliana Olivero. Por el contrario, ni la UCR ni el PJ enviaron representantes.<\/p>\n<p>Durante el acto, Oscar Mengarelli rememor\u00f3 la lucha hist\u00f3rica de la CTA en defensa de los derechos de los jubilados, al afirmar que \u201csalimos a juntar un mill\u00f3n de firmas, cuando Cavallo y Giordano crearon las AFJP, para mantener el sistema de reparto; apoyamos al gobierno nacional cuando traspaso ese infernal negocio de los bancos al sistema previsional nuevamente; propusimos que se aumenten los aportes patronales al nivel que estaban en el per\u00edodo previo a Cavallo, como forma de financiar el sistema; hoy estamos ac\u00e1 para decir que el 82% m\u00f3vil es el derecho b\u00e1sico m\u00e1s vulnerado en la historia de nuestro pa\u00eds y nuestros compa\u00f1eros jubilados tienen todo el compromiso de CTA para que salga a favor esta ley\u201d. Al mismo tiempo, Mengarelli dijo que la ley deber\u00eda garantizar el 82% para todos los jubilados, y no s\u00f3lo para quienes cobran la m\u00ednima. \u201cEste es un primer paso, para seguir avanzando en recuperar derechos negados por los gobiernos de los \u00faltimos 40 a\u00f1os\u201d.<\/p>\n<p>Al cerrar el acto, Daniel Pawluchuzk, secretario de Prensa de ATE-CTA inform\u00f3 que la Comisi\u00f3n Permanente de Jubilados y Pensionados se reunir\u00e1 el viernes por la ma\u00f1ana en la Asociaci\u00f3n de Magistrados para organizar la movilizaci\u00f3n del pr\u00f3ximo mi\u00e9rcoles 13 de octubre, d\u00eda que el Senado tratar\u00e1 el proyecto de ley. Por su parte, la CTA C\u00f3rdoba definir\u00e1 el jueves pr\u00f3ximo en ATE la modalidad de la movilizaci\u00f3n.<\/p>\n<\/div>\n","protected":false},"excerpt":{"rendered":"<p>(C\u00f3rdoba, 5-10-2010) ATE-CTA y la Comisi\u00f3n Permanente de Jubilados y Pensionados realizaron hoy un acto p\u00fablico para reclamar el apoyo de los senadores cordobeses al proyecto de ley que tratar\u00e1 la C\u00e1mara Alta la semana que viene, referido al pago del 82% m\u00f3vil para los jubilados que cobran la m\u00ednima ATE-CTA y la Comisi\u00f3n Permanente [&hellip;]<\/p>\n","protected":false},"author":1,"featured_media":19220,"comment_status":"open","ping_status":"open","sticky":false,"template":"","format":"standard","meta":{"_exactmetrics_skip_tracking":false,"_exactmetrics_sitenote_active":false,"_exactmetrics_sitenote_note":"","_exactmetrics_sitenote_category":0,"jnews-multi-image_gallery":[],"jnews_single_post":[],"jnews_primary_category":[],"jnews_social_meta":[],"jnews_review":[],"enable_review":"","type":"","name":"","summary":"","brand":"","sku":"","good":[],"bad":[],"score_override":"","override_value":"","rating":[],"price":[],"jnews_override_counter":[],"jnews_post_split":[],"footnotes":""},"categories":[22],"tags":[23],"class_list":["post-71","post","type-post","status-publish","format-standard","has-post-thumbnail","hentry","category-jubilados","tag-jubilados-2"],"jetpack_featured_media_url":"https:\/\/atecordoba.org\/wp-content\/uploads\/2020\/05\/logo-nuevochico-e1561581322808.png","_links":{"self":[{"href":"https:\/\/atecordoba.org\/index.php?rest_route=\/wp\/v2\/posts\/71","targetHints":{"allow":["GET"]}}],"collection":[{"href":"https:\/\/atecordoba.org\/index.php?rest_route=\/wp\/v2\/posts"}],"about":[{"href":"https:\/\/atecordoba.org\/index.php?rest_route=\/wp\/v2\/types\/post"}],"author":[{"embeddable":true,"href":"https:\/\/atecordoba.org\/index.php?rest_route=\/wp\/v2\/users\/1"}],"replies":[{"embeddable":true,"href":"https:\/\/atecordoba.org\/index.php?rest_route=%2Fwp%2Fv2%2Fcomments&post=71"}],"version-history":[{"count":0,"href":"https:\/\/atecordoba.org\/index.php?rest_route=\/wp\/v2\/posts\/71\/revisions"}],"wp:featuredmedia":[{"embeddable":true,"href":"https:\/\/atecordoba.org\/index.php?rest_route=\/wp\/v2\/media\/19220"}],"wp:attachment":[{"href":"https:\/\/atecordoba.org\/index.php?rest_route=%2Fwp%2Fv2%2Fmedia&parent=71"}],"wp:term":[{"taxonomy":"category","embeddable":true,"href":"https:\/\/atecordoba.org\/index.php?rest_route=%2Fwp%2Fv2%2Fcategories&post=71"},{"taxonomy":"post_tag","embeddable":true,"href":"https:\/\/atecordoba.org\/index.php?rest_route=%2Fwp%2Fv2%2Ftags&post=71"}],"curies":[{"name":"wp","href":"https:\/\/api.w.org\/{rel}","templated":true}]}}