{"id":7096,"date":"2016-07-07T18:21:16","date_gmt":"2016-07-07T21:21:16","guid":{"rendered":"http:\/\/www.atecordoba.org\/?p=7096"},"modified":"2016-07-07T18:21:16","modified_gmt":"2016-07-07T21:21:16","slug":"un-9-de-julio-con-independencia-en-retroceso","status":"publish","type":"post","link":"https:\/\/atecordoba.org\/?p=7096","title":{"rendered":"Un 9 de julio con independencia en retroceso"},"content":{"rendered":"<p><em>El Consejo Directivo Provincial de ATE saluda a sus afiliados estatales y a la comunidad en general con motivo de celebrarse el s\u00e1bado pr\u00f3ximo un nuevo aniversario de la independencia nacional.<\/em><\/p>\n<p><img loading=\"lazy\" decoding=\"async\" class=\"aligncenter size-full wp-image-7097\" src=\"http:\/\/www.atecordoba.org\/wp-content\/uploads\/2016\/07\/Bandera-Argentina1-e1467926168151.jpg\" alt=\"Bandera-Argentina1\" width=\"550\" height=\"413\" \/><\/p>\n<p>Este nuevo aniversario, que no es uno m\u00e1s ya que festejamos dos siglos de la declaraci\u00f3n donde establecimos el nacimiento de una naci\u00f3n \u201clibre de toda dominaci\u00f3n extranjera\u201d, enfrenta a los trabajadores a la coyuntura donde el gobierno nacional dista mucho de sostener los principios que elevaron nuestros pr\u00f3ceres a la posteridad.<\/p>\n<p>Con ministros que piden perd\u00f3n a los capitales depredatorios extranjeros, con la falta de defensa de la industria nacional, con miles de despidos arbitrarios en el \u00e1mbito estatal y promoviendo el blanqueo de financiero de quienes fugaron con la complicidad de la administraci\u00f3n del Estado el ahorro nacional, desde ATE debemos lamentar que en la actualidad carezcamos de un proyecto emancipador, en vez de alimentar con cada medida de gobierno la bicicleta financiera.<\/p>\n<p>Ni la especulaci\u00f3n promovida ni la corrupci\u00f3n organizada para el saqueo del erario p\u00fablico, m\u00e1s all\u00e1 del partido pol\u00edtico que gestione el Estado, pueden garantizar la felicidad del pueblo, fin \u00faltimo del buen gobierno.<\/p>\n<p>Sin embargo, festejamos porque no pueden robarnos nuestra historia ni nuestro futuro. Porque en cada acci\u00f3n gremial y en cada conflicto, de los muchos que encabezamos, \u00a0continuamos sosteniendo la consigna \u201cfortalecer el Estado para liberar la Naci\u00f3n\u201d, una naci\u00f3n que se declar\u00f3 libre hace 200 a\u00f1os y que hoy exige nuevos compromisos.<\/p>\n<p style=\"text-align: right;\">Mar\u00eda Liliana Salerno<\/p>\n<p style=\"text-align: right;\">Secretaria General<\/p>\n<p>&nbsp;<\/p>\n","protected":false},"excerpt":{"rendered":"<p>El Consejo Directivo Provincial de ATE saluda a sus afiliados estatales y a la comunidad en general con motivo de celebrarse el s\u00e1bado pr\u00f3ximo un nuevo aniversario de la independencia nacional. Este nuevo aniversario, que no es uno m\u00e1s ya que festejamos dos siglos de la declaraci\u00f3n donde establecimos el nacimiento de una naci\u00f3n \u201clibre [&hellip;]<\/p>\n","protected":false},"author":1,"featured_media":19220,"comment_status":"open","ping_status":"open","sticky":false,"template":"","format":"standard","meta":{"_exactmetrics_skip_tracking":false,"_exactmetrics_sitenote_active":false,"_exactmetrics_sitenote_note":"","_exactmetrics_sitenote_category":0,"jnews-multi-image_gallery":[],"jnews_single_post":[],"jnews_primary_category":[],"jnews_social_meta":[],"jnews_review":[],"enable_review":"","type":"","name":"","summary":"","brand":"","sku":"","good":[],"bad":[],"score_override":"","override_value":"","rating":[],"price":[],"jnews_override_counter":[],"jnews_post_split":[],"footnotes":""},"categories":[53],"tags":[],"class_list":["post-7096","post","type-post","status-publish","format-standard","has-post-thumbnail","hentry","category-comunicados-de-prensa"],"jetpack_featured_media_url":"https:\/\/atecordoba.org\/wp-content\/uploads\/2020\/05\/logo-nuevochico-e1561581322808.png","_links":{"self":[{"href":"https:\/\/atecordoba.org\/index.php?rest_route=\/wp\/v2\/posts\/7096","targetHints":{"allow":["GET"]}}],"collection":[{"href":"https:\/\/atecordoba.org\/index.php?rest_route=\/wp\/v2\/posts"}],"about":[{"href":"https:\/\/atecordoba.org\/index.php?rest_route=\/wp\/v2\/types\/post"}],"author":[{"embeddable":true,"href":"https:\/\/atecordoba.org\/index.php?rest_route=\/wp\/v2\/users\/1"}],"replies":[{"embeddable":true,"href":"https:\/\/atecordoba.org\/index.php?rest_route=%2Fwp%2Fv2%2Fcomments&post=7096"}],"version-history":[{"count":0,"href":"https:\/\/atecordoba.org\/index.php?rest_route=\/wp\/v2\/posts\/7096\/revisions"}],"wp:featuredmedia":[{"embeddable":true,"href":"https:\/\/atecordoba.org\/index.php?rest_route=\/wp\/v2\/media\/19220"}],"wp:attachment":[{"href":"https:\/\/atecordoba.org\/index.php?rest_route=%2Fwp%2Fv2%2Fmedia&parent=7096"}],"wp:term":[{"taxonomy":"category","embeddable":true,"href":"https:\/\/atecordoba.org\/index.php?rest_route=%2Fwp%2Fv2%2Fcategories&post=7096"},{"taxonomy":"post_tag","embeddable":true,"href":"https:\/\/atecordoba.org\/index.php?rest_route=%2Fwp%2Fv2%2Ftags&post=7096"}],"curies":[{"name":"wp","href":"https:\/\/api.w.org\/{rel}","templated":true}]}}