{"id":7094,"date":"2016-07-05T19:09:10","date_gmt":"2016-07-05T22:09:10","guid":{"rendered":"http:\/\/www.atecordoba.org\/?p=7094"},"modified":"2016-07-05T19:09:10","modified_gmt":"2016-07-05T22:09:10","slug":"continua-el-conflicto-en-salud-mental-asamblea-en-la-ipad-el-jueves-proximo","status":"publish","type":"post","link":"https:\/\/atecordoba.org\/?p=7094","title":{"rendered":"Contin\u00faa el conflicto en salud mental: asamblea en la IPAD el jueves pr\u00f3ximo"},"content":{"rendered":"<div style=\"text-align: left;\"><em>Ante la falta de respuestas a la serie de reclamos que vienen realizando los trabajadores insertos en el sistema provincial de salud mental, ATE convoca para el jueves pr\u00f3ximo a una asamblea de 8 a 11 horas.<\/em><\/div>\n<div style=\"text-align: left;\"><img loading=\"lazy\" decoding=\"async\" class=\"aligncenter size-full wp-image-7022\" src=\"http:\/\/www.atecordoba.org\/wp-content\/uploads\/2016\/06\/bandea-ipad-e1466719467216.png\" alt=\"bandea ipad\" width=\"393\" height=\"550\" \/><\/div>\n<p style=\"text-align: left;\">\n<p>De la misma forma, las asambleas se replicar\u00e1n por dos horas en el turno tarde y dos horas en turno noche. En ese marco, y en funci\u00f3n de lo resuelto en la asamblea llevada a cabo hoy, los trabajadores disidieron que no se realizar\u00e1n nuevas admisiones de pacientes, toda vez que siguen sin soluci\u00f3n los reclamos de:<\/p>\n<ul>\n<li>Sobrecarga de atenci\u00f3n en nuestra instituci\u00f3n por falta de atenci\u00f3n en 1er. y 2do. nivel (dispensarios y hospitales generales).<\/li>\n<li>Falta de personal ante tanta demanda.<\/li>\n<li>Personal precarizado (m\u00e1s de la mitad contratado y monotributista)<\/li>\n<li>Personal mal pago y con pluriempleo.<\/li>\n<li>Falta sistem\u00e1tica de medicaci\u00f3n.<\/li>\n<li>No creaci\u00f3n de dispositivos alternativos a la internaci\u00f3n.<\/li>\n<li>Incumplimiento de las leyes de salud Mental.<\/li>\n<\/ul>\n<p>Los trabajadores denuncian que este estado de situaci\u00f3n es\u00a0consecuencia de las pol\u00edticas sistem\u00e1ticas de los distintos gobiernos de vaciamiento de la Salud P\u00fablica, vulnerando el derecho elemental de acceso a la salud.<\/p>\n<div><\/div>\n","protected":false},"excerpt":{"rendered":"<p>Ante la falta de respuestas a la serie de reclamos que vienen realizando los trabajadores insertos en el sistema provincial de salud mental, ATE convoca para el jueves pr\u00f3ximo a una asamblea de 8 a 11 horas. De la misma forma, las asambleas se replicar\u00e1n por dos horas en el turno tarde y dos horas [&hellip;]<\/p>\n","protected":false},"author":1,"featured_media":19220,"comment_status":"open","ping_status":"open","sticky":false,"template":"","format":"standard","meta":{"_exactmetrics_skip_tracking":false,"_exactmetrics_sitenote_active":false,"_exactmetrics_sitenote_note":"","_exactmetrics_sitenote_category":0,"jnews-multi-image_gallery":[],"jnews_single_post":[],"jnews_primary_category":[],"jnews_social_meta":[],"jnews_review":[],"enable_review":"","type":"","name":"","summary":"","brand":"","sku":"","good":[],"bad":[],"score_override":"","override_value":"","rating":[],"price":[],"jnews_override_counter":[],"jnews_post_split":[],"footnotes":""},"categories":[7,8],"tags":[],"class_list":["post-7094","post","type-post","status-publish","format-standard","has-post-thumbnail","hentry","category-hospitales","category-provinciales"],"jetpack_featured_media_url":"https:\/\/atecordoba.org\/wp-content\/uploads\/2020\/05\/logo-nuevochico-e1561581322808.png","_links":{"self":[{"href":"https:\/\/atecordoba.org\/index.php?rest_route=\/wp\/v2\/posts\/7094","targetHints":{"allow":["GET"]}}],"collection":[{"href":"https:\/\/atecordoba.org\/index.php?rest_route=\/wp\/v2\/posts"}],"about":[{"href":"https:\/\/atecordoba.org\/index.php?rest_route=\/wp\/v2\/types\/post"}],"author":[{"embeddable":true,"href":"https:\/\/atecordoba.org\/index.php?rest_route=\/wp\/v2\/users\/1"}],"replies":[{"embeddable":true,"href":"https:\/\/atecordoba.org\/index.php?rest_route=%2Fwp%2Fv2%2Fcomments&post=7094"}],"version-history":[{"count":0,"href":"https:\/\/atecordoba.org\/index.php?rest_route=\/wp\/v2\/posts\/7094\/revisions"}],"wp:featuredmedia":[{"embeddable":true,"href":"https:\/\/atecordoba.org\/index.php?rest_route=\/wp\/v2\/media\/19220"}],"wp:attachment":[{"href":"https:\/\/atecordoba.org\/index.php?rest_route=%2Fwp%2Fv2%2Fmedia&parent=7094"}],"wp:term":[{"taxonomy":"category","embeddable":true,"href":"https:\/\/atecordoba.org\/index.php?rest_route=%2Fwp%2Fv2%2Fcategories&post=7094"},{"taxonomy":"post_tag","embeddable":true,"href":"https:\/\/atecordoba.org\/index.php?rest_route=%2Fwp%2Fv2%2Ftags&post=7094"}],"curies":[{"name":"wp","href":"https:\/\/api.w.org\/{rel}","templated":true}]}}