{"id":7091,"date":"2016-07-05T18:49:50","date_gmt":"2016-07-05T21:49:50","guid":{"rendered":"http:\/\/www.atecordoba.org\/?p=7091"},"modified":"2016-07-05T18:49:50","modified_gmt":"2016-07-05T21:49:50","slug":"con-la-eleccion-en-el-ministerio-de-educacion-ate-prosigue-ampliando-el-cuerpo-de-delegados","status":"publish","type":"post","link":"https:\/\/atecordoba.org\/?p=7091","title":{"rendered":"Con la elecci\u00f3n en el Ministerio de Educaci\u00f3n ATE prosigue ampliando el cuerpo de delegados"},"content":{"rendered":"<p><em>El viernes pasado lo compa\u00f1eros de la Direcci\u00f3n General de Administraci\u00f3n del Ministerio de Educaci\u00f3n de la provincia eligieron a cuatro delegados. En los \u00faltimos dos meses cinco sectores nacionales y provinciales eligieron su representaci\u00f3n de ATE.<\/em><\/p>\n<p><img loading=\"lazy\" decoding=\"async\" class=\"aligncenter size-full wp-image-7092\" src=\"http:\/\/www.atecordoba.org\/wp-content\/uploads\/2016\/07\/WhatsApp-Image-20160705-e1467750991751.jpeg\" alt=\"WhatsApp-Image-20160705\" width=\"550\" height=\"309\" \/><\/p>\n<p>Los trabajadores\u00a0de Educaci\u00f3n eligieron con masiva participaci\u00f3n a cuatro delegados que tendr\u00e1n mandato por los pr\u00f3ximos dos a\u00f1os. Se trata de los compa\u00f1eros\u00a0Alejandra\u00a0Cabrera, Mirta\u00a0Figeroa,\u00a0\u00a0Betina\u00a0Salinas y\u00a0\u00a0Gustavo\u00a0Valenzuela.<\/p>\n<p>&#8220;Estamos satisfechos con la elecci\u00f3n que se realiz\u00f3. Los compa\u00f1eros mostraron el compromiso con el gremio, teniendo en cuenta que votaban s\u00f3lo los afiliados y los independientes.\u00a0Tambi\u00e9n es resultado del trabajo gremial que venimos realizando desde hace dos a\u00f1os, y los logros obtenidos&#8221;, sintetiz\u00f3 Gustavo Valenzuela.<\/p>\n<p>Vale se\u00f1alar que ATE es el gremio mayoritario en el sector.<\/p>\n<p><strong>Conicet<\/strong><\/p>\n<p>Los trabajadores del Consejo Nacional de Investigaciones Cient\u00edficas y T\u00e9cnicas (CONICET) llevaron a cabo el 16 de junio la elecci\u00f3n de delegados de diversos institutos que se encuentran en la Universidad Nacional de C\u00f3rdoba. Con importante participaci\u00f3n resultados electos Mar\u00eda Laura Buyulaqui (INFIQC), Lucia Caisso (CIFFyH), Lorena Capogrossi (CIECS), Macarena Fern\u00e1ndez (INIMEC), Addy Ghio (CIQUIBIC), Romina Maiorano (INIMEC) y Magal\u00ed Paz (CIECS).<\/p>\n<p><strong>Hospital Nuevo San Roque\u00a0<\/strong><\/p>\n<p>A su vez, los compa\u00f1eros del centro de salud ubicado en el Polo Sanitario eligieron el 9 de junio a los delegados Julio Fernandez, Rosana Blancuzzi, Silvia N\u00f3brega, Juan Jos\u00e9 Prieto y Gabriela Rosset. De esta forma, ATE reafirm\u00f3 con la participaci\u00f3n de los trabajadores la representaci\u00f3n en el sector salud provincial.<\/p>\n<p><strong>Parques Nacionales<\/strong><\/p>\n<p>Por su parte, el pasado 23 de junio los trabajadores de la Administraci\u00f3n Nacional de Parques Nacionales, Director Regional Centro, reeligieron al compa\u00f1ero Leonardo Barros Caro. La votaci\u00f3n confirm\u00f3 la representaci\u00f3n del delegado de ATE aprobando as\u00ed la representaci\u00f3n de ATE en el sector.<\/p>\n<p><strong>Anses<\/strong><\/p>\n<p>Por \u00faltimo, en la Anses, la Udai II eligi\u00f3 el pasado 29 de junio a los delegados Alejandra Morello y Mar\u00eda Laura Ruiz.<\/p>\n","protected":false},"excerpt":{"rendered":"<p>El viernes pasado lo compa\u00f1eros de la Direcci\u00f3n General de Administraci\u00f3n del Ministerio de Educaci\u00f3n de la provincia eligieron a cuatro delegados. En los \u00faltimos dos meses cinco sectores nacionales y provinciales eligieron su representaci\u00f3n de ATE. Los trabajadores\u00a0de Educaci\u00f3n eligieron con masiva participaci\u00f3n a cuatro delegados que tendr\u00e1n mandato por los pr\u00f3ximos dos a\u00f1os. [&hellip;]<\/p>\n","protected":false},"author":1,"featured_media":19220,"comment_status":"open","ping_status":"open","sticky":false,"template":"","format":"standard","meta":{"_exactmetrics_skip_tracking":false,"_exactmetrics_sitenote_active":false,"_exactmetrics_sitenote_note":"","_exactmetrics_sitenote_category":0,"jnews-multi-image_gallery":[],"jnews_single_post":[],"jnews_primary_category":[],"jnews_social_meta":[],"jnews_review":[],"enable_review":"","type":"","name":"","summary":"","brand":"","sku":"","good":[],"bad":[],"score_override":"","override_value":"","rating":[],"price":[],"jnews_override_counter":[],"jnews_post_split":[],"footnotes":""},"categories":[1],"tags":[],"class_list":["post-7091","post","type-post","status-publish","format-standard","has-post-thumbnail","hentry","category-sin-categoria"],"jetpack_featured_media_url":"https:\/\/atecordoba.org\/wp-content\/uploads\/2020\/05\/logo-nuevochico-e1561581322808.png","_links":{"self":[{"href":"https:\/\/atecordoba.org\/index.php?rest_route=\/wp\/v2\/posts\/7091","targetHints":{"allow":["GET"]}}],"collection":[{"href":"https:\/\/atecordoba.org\/index.php?rest_route=\/wp\/v2\/posts"}],"about":[{"href":"https:\/\/atecordoba.org\/index.php?rest_route=\/wp\/v2\/types\/post"}],"author":[{"embeddable":true,"href":"https:\/\/atecordoba.org\/index.php?rest_route=\/wp\/v2\/users\/1"}],"replies":[{"embeddable":true,"href":"https:\/\/atecordoba.org\/index.php?rest_route=%2Fwp%2Fv2%2Fcomments&post=7091"}],"version-history":[{"count":0,"href":"https:\/\/atecordoba.org\/index.php?rest_route=\/wp\/v2\/posts\/7091\/revisions"}],"wp:featuredmedia":[{"embeddable":true,"href":"https:\/\/atecordoba.org\/index.php?rest_route=\/wp\/v2\/media\/19220"}],"wp:attachment":[{"href":"https:\/\/atecordoba.org\/index.php?rest_route=%2Fwp%2Fv2%2Fmedia&parent=7091"}],"wp:term":[{"taxonomy":"category","embeddable":true,"href":"https:\/\/atecordoba.org\/index.php?rest_route=%2Fwp%2Fv2%2Fcategories&post=7091"},{"taxonomy":"post_tag","embeddable":true,"href":"https:\/\/atecordoba.org\/index.php?rest_route=%2Fwp%2Fv2%2Ftags&post=7091"}],"curies":[{"name":"wp","href":"https:\/\/api.w.org\/{rel}","templated":true}]}}