{"id":7088,"date":"2016-07-05T16:39:37","date_gmt":"2016-07-05T19:39:37","guid":{"rendered":"http:\/\/www.atecordoba.org\/?p=7088"},"modified":"2016-07-05T16:39:37","modified_gmt":"2016-07-05T19:39:37","slug":"paritarios-de-ate-de-los-civiles-de-las-ffaa-participaron-de-una-audiencia-por-el-convenio-colectivo","status":"publish","type":"post","link":"https:\/\/atecordoba.org\/?p=7088","title":{"rendered":"Paritarios de ATE de los Civiles de las FFAA participaron de una audiencia por el Convenio Colectivo"},"content":{"rendered":"<p><em>La reuni\u00f3n con funcionarios del Ministerio de Defensa trat\u00f3 sobre la planilla de reencasillamiento del sector. El paritario Alejandro Charra, vocal del CDP, relata la reuni\u00f3n.<\/em><\/p>\n<p><img loading=\"lazy\" decoding=\"async\" class=\"aligncenter size-full wp-image-7089\" src=\"http:\/\/www.atecordoba.org\/wp-content\/uploads\/2016\/07\/23_civiles-ffaa_marcha-bs-as-e1467747545898.jpg\" alt=\"23_civiles ffaa_marcha bs as\" width=\"550\" height=\"413\" \/><\/p>\n<p>En el marco de las negociaciones que se vienen llevando adelante en pos de poner en funcionamiento el Convenio Colectivo de Trabajo Sectorial de los Trabajadores Civiles y Docentes Civiles de las Fuerzas Armadas y de Seguridad y del IOSFA (CCTS en adelante), se llev\u00f3 a cabo una reuni\u00f3n con el objetivo de consensuar entre las partes una planilla de relevamiento com\u00fan para el proceso de reencasillamiento, que deber\u00eda haber empezado hace ya tiempo pero se retras\u00f3 por responsabilidad de la patronal.<\/p>\n<p>En la reuni\u00f3n, realizada el pasado 28 de junio, los representantes del Ministerio de Defensa expresaron su voluntad de avanzar en la confecci\u00f3n de una planilla \u00fanica que contenga las categor\u00edas propuestas tanto por los sindicatos como por las fuerzas, acompa\u00f1ando esta expresi\u00f3n con la entrega de una planilla modelo a discutir.<\/p>\n<p>La representaci\u00f3n de ATE salud\u00f3 la voluntad de la cartera de continuar las negociaciones en pos del convenio, advirtiendo en cuanto a la planilla entregada la innecesaria inclusi\u00f3n de datos subjetivos tales como las ultimas tres calificaciones alcanzadas por el trabajador o las felicitaciones que este cuente en su legajo, rechaz\u00e1ndolas por improcedentes y potencialmente tendenciosas. Salvado este punto, los Paritarios Nacionales de nuestra organizaci\u00f3n procedieron a plantear la necesidad de modificar la fecha de \u201ccorte\u201d impuesta en el convenio que firm\u00e1ramos en disconformidad el pasado mes de noviembre, por considerar que el mes de junio de 2015 se trata de una fecha muy lejana para tomar en cuenta como referencia al momento de reencasillar a cada trabajador, ya que el Estado Empleador y sus sucesivas maniobras dilatorias han impedido el avance de este proceso y a un a\u00f1o vista se puede inferir que para muchos trabajadores su situaci\u00f3n (Grado, Agrupamiento, Nivel de Estudios Alcanzados, Antig\u00fcedad en el Agrupamiento, etc.) pueden haber cambiado significativamente.<\/p>\n<p>Adem\u00e1s, nuestra representaci\u00f3n redoblo la apuesta, solicitando al Estado que se haga cargo del reclamo de equiparar las categor\u00edas entre las distintas fuerzas antes de reencasillar a los trabajadores, eliminando las distorsiones que en materia de carrera generaran los procesos de Ascensos Extraordinarios en la Fuerza A\u00e9rea y, en menor medida en el Ejercito, con respecto a la Armada y al ex \u2013 IOSE. Puestos en tema, solicitamos adem\u00e1s que se fije a la brevedad el monto de la Unidad Remunerativa (UR en adelante), elemento indispensable para evaluar el impacto del reencasillamiento en el bolsillo de los trabajadores.<\/p>\n<p>La representaci\u00f3n del Estado argument\u00f3 que respecto a la fecha de \u201ccorte\u201d, no puede ser modificado debido a que se encuentra estipulado dentro del cronograma previsto por el propio CCTS <strong>y que se acordar\u00eda la UR una vez terminado el proceso de reencasillamiento<\/strong>, a lo que los paritarios de ATE respondieron que el Estado no vulner\u00f3 dicho cronograma al no haber fijado a la fecha el precio de la UR, que deber\u00eda estar firme desde hace m\u00e1s de 10 d\u00edas, ni al momento de no conformar la comisi\u00f3n de seguimiento de la implementaci\u00f3n del CCTS prevista en su \u00faltimo art\u00edculo, impidiendo en los hechos la puesta en marcha del mismo.<\/p>\n<p>Tambi\u00e9n se\u00f1alaron que, si bien el convenio en sus formas generales esta firme y no puede ser derogado hasta dentro de 2 a\u00f1os, s\u00ed puede ser pasible de modificaciones si las partes reunidas en la Comisi\u00f3n Negociadora Sectorial as\u00ed lo acuerdan.<\/p>\n<p>En esta instancia la representaci\u00f3n de UPCN, acuerda en que la fecha de \u201ccorte\u201d debe ser modificada, pero en una maniobra que bien puede entenderse como un recurso para no llamar a la Comisi\u00f3n Negociadora Sectorial con el fin de evitar el tratamiento del resto de los temas de fondo (incluida la UR), propone realizar dicho acto administrativo a trav\u00e9s de un acta volante que circule entre las partes, para que las mismas firmen y presten consentimiento; mecanismo por dem\u00e1s irregular que es rechazado por nuestra organizaci\u00f3n.<\/p>\n<p>Respecto al tema de la planilla la patronal pidi\u00f3 a los gremios designar un representante para asistir a una reuni\u00f3n con el Director General de Asuntos Jur\u00eddicos del Ministerio de Defensa el \u00a04 de julio, para ultimar detalles y rubricar un acuerdo que abale una planilla definitiva, a lo que ATE accedi\u00f3 agregando que esta sea vinculante al proceso de reencasillamiento como lo estipula el esp\u00edritu del CCTS y no simplemente consultiva como consigna al pie de p\u00e1gina la propuesta por el Estado.<\/p>\n<p>ATE pidi\u00f3 que se conformara una Comisi\u00f3n de Seguimiento para la implementaci\u00f3n inicial del presente r\u00e9gimen seg\u00fan lo establecido en el art 144 del CCTS<\/p>\n<p>En ese sentido, el subsecretario de Coordinaci\u00f3n Administrativa se comprometi\u00f3 a solicitarle a sus superiores en pos de que intercedan para lograr la apertura de la Comisi\u00f3n Negociadora Sectorial, para lo cual pidi\u00f3 tiempo.<\/p>\n<p>Asistieron por la representaci\u00f3n de la patronal el subsecretario de Coordinaci\u00f3n Administrativa del Ministerio de Defensa, Enrique Sainz, acompa\u00f1ado por el director General de Asuntos Jur\u00eddicos, \u00a0Pablo Tosco, y la directora General de RR.HH. y Organizaci\u00f3n, Adriana Mirande; por el Ministerio de Modernizaci\u00f3n, estuvieron el subsecretario de Relaciones Laborales y Fortalecimiento del Servicio Civil, Carlos Alberto Lelio. La delegaci\u00f3n de la Fuerza A\u00e9rea Argentina estuvo encabezada por el director de Administraci\u00f3n de Personal, Alejandro Szejner, acompa\u00f1ado por el jefe del Departamento Personal Civil Eduardo Baiocco. A su vez la delegaci\u00f3n de la Armada Argentina fue presidida por los capitanes Uberti, Noya y Hansen y una delegaci\u00f3n del Ej\u00e9rcito Argentino encabezado por el Coronel Mayor Fransisconi y el Coronel Martin.<\/p>\n<p>Por la representaci\u00f3n gremial, se hicieron presentes, representantes tanto de UPECIFA, como de UPCN y nuestra delegaci\u00f3n de ATE, compuesta por los Paritarios Nacionales Ana Mendoza, Horacio Simonetti, Dabel Roblin, Angel Catapano, Alberto Marquez, Luisa Ayala, Adri\u00e1n Ovando, Miriram Martino, V\u00edctor Lecuona, Jorge Chavero y Alejandro Charra, acompa\u00f1ados por el compa\u00f1ero Luis Maceiros en representaci\u00f3n del Consejo Directivo Nacional.<\/p>\n","protected":false},"excerpt":{"rendered":"<p>La reuni\u00f3n con funcionarios del Ministerio de Defensa trat\u00f3 sobre la planilla de reencasillamiento del sector. El paritario Alejandro Charra, vocal del CDP, relata la reuni\u00f3n. En el marco de las negociaciones que se vienen llevando adelante en pos de poner en funcionamiento el Convenio Colectivo de Trabajo Sectorial de los Trabajadores Civiles y Docentes [&hellip;]<\/p>\n","protected":false},"author":1,"featured_media":19220,"comment_status":"open","ping_status":"open","sticky":false,"template":"","format":"standard","meta":{"_exactmetrics_skip_tracking":false,"_exactmetrics_sitenote_active":false,"_exactmetrics_sitenote_note":"","_exactmetrics_sitenote_category":0,"jnews-multi-image_gallery":[],"jnews_single_post":[],"jnews_primary_category":[],"jnews_social_meta":[],"jnews_review":[],"enable_review":"","type":"","name":"","summary":"","brand":"","sku":"","good":[],"bad":[],"score_override":"","override_value":"","rating":[],"price":[],"jnews_override_counter":[],"jnews_post_split":[],"footnotes":""},"categories":[1],"tags":[],"class_list":["post-7088","post","type-post","status-publish","format-standard","has-post-thumbnail","hentry","category-sin-categoria"],"jetpack_featured_media_url":"https:\/\/atecordoba.org\/wp-content\/uploads\/2020\/05\/logo-nuevochico-e1561581322808.png","_links":{"self":[{"href":"https:\/\/atecordoba.org\/index.php?rest_route=\/wp\/v2\/posts\/7088","targetHints":{"allow":["GET"]}}],"collection":[{"href":"https:\/\/atecordoba.org\/index.php?rest_route=\/wp\/v2\/posts"}],"about":[{"href":"https:\/\/atecordoba.org\/index.php?rest_route=\/wp\/v2\/types\/post"}],"author":[{"embeddable":true,"href":"https:\/\/atecordoba.org\/index.php?rest_route=\/wp\/v2\/users\/1"}],"replies":[{"embeddable":true,"href":"https:\/\/atecordoba.org\/index.php?rest_route=%2Fwp%2Fv2%2Fcomments&post=7088"}],"version-history":[{"count":0,"href":"https:\/\/atecordoba.org\/index.php?rest_route=\/wp\/v2\/posts\/7088\/revisions"}],"wp:featuredmedia":[{"embeddable":true,"href":"https:\/\/atecordoba.org\/index.php?rest_route=\/wp\/v2\/media\/19220"}],"wp:attachment":[{"href":"https:\/\/atecordoba.org\/index.php?rest_route=%2Fwp%2Fv2%2Fmedia&parent=7088"}],"wp:term":[{"taxonomy":"category","embeddable":true,"href":"https:\/\/atecordoba.org\/index.php?rest_route=%2Fwp%2Fv2%2Fcategories&post=7088"},{"taxonomy":"post_tag","embeddable":true,"href":"https:\/\/atecordoba.org\/index.php?rest_route=%2Fwp%2Fv2%2Ftags&post=7088"}],"curies":[{"name":"wp","href":"https:\/\/api.w.org\/{rel}","templated":true}]}}