{"id":7081,"date":"2016-07-04T16:10:36","date_gmt":"2016-07-04T19:10:36","guid":{"rendered":"http:\/\/www.atecordoba.org\/?p=7081"},"modified":"2016-07-04T16:10:36","modified_gmt":"2016-07-04T19:10:36","slug":"ate-pidio-una-audiencia-al-gobernador-schiaretti-por-la-reapertura-de-paritarias","status":"publish","type":"post","link":"https:\/\/atecordoba.org\/?p=7081","title":{"rendered":"ATE pidi\u00f3 una audiencia al gobernador Schiaretti por la reapertura de paritarias"},"content":{"rendered":"<p><em>El viernes pasado ATE realiz\u00f3 el pedido de una audiencia con el gobernador Juan Schiaretti para platear una vez m\u00e1s la reapertura de la paritaria provincial.<\/em><\/p>\n<p><img loading=\"lazy\" decoding=\"async\" class=\"aligncenter size-full wp-image-7082\" src=\"http:\/\/www.atecordoba.org\/wp-content\/uploads\/2016\/07\/pedido-de-audiencia-a-schiaretti-1-7-2016-e1467659387530.jpeg\" alt=\"pedido de audiencia a schiaretti 1-7-2016\" width=\"400\" height=\"550\" \/><\/p>\n<p>El Consejo Directivo Provincial realiz\u00f3 el pedido ya que la escalada inflacionaria est\u00e1 demoliendo los salarios de los trabajadores de la Provincia, ante el magro 25% de aumento que otorg\u00f3 la pauta salarial vigente.<\/p>\n<p>&#8220;Los trabajadores no pueden afrontar este a\u00f1o con una p\u00e9rdida tan abrupta de la capacidad de compra&#8221;, explic\u00f3 la secretaria General de ATE, Mar\u00eda Liliana Salerno.<\/p>\n<p>&#8220;Entre los aumentos de los precios de los productos\u00a0de consumo b\u00e1sico y los tarifazos, los bolsillos de los compa\u00f1eros provinciales no dan m\u00e1s por lo tanto es indispensable que la Provincia atienda esta situaci\u00f3n y convoque a los gremios a discutir una nueva pauta salarial. Adem\u00e1s los cordobeses deben saber que este a\u00f1o Schiaretti recibe un 15% \u00a0 m\u00e1s de copartici\u00f3n por el fallo de la Corte Suprema de fines del a\u00f1o pasado&#8221;, explic\u00f3 la dirigente.<\/p>\n<p>ATE rechaz\u00f3 a comienzos de a\u00f1o el ajuste salarial que impuso el gobierno provincial.<\/p>\n<p>Por otro lado, nuestro gremio plante\u00f3 tambi\u00e9n una recomposici\u00f3n espec\u00edfica para el sector salud ya que el personal sufre a diario una excesiva recarga de tareas.<\/p>\n<p>En relaci\u00f3n a la proximidad del fin de los contratos al 31 de agosto, ATE le solicita al gobernador la renovaci\u00f3n en tiempo y forma y la agilizaci\u00f3n de los decretos correspondientes a los cargos de planta permanente concursados en la Administraci\u00f3n P\u00fablica provincial durante el a\u00f1o 2015.<\/p>\n","protected":false},"excerpt":{"rendered":"<p>El viernes pasado ATE realiz\u00f3 el pedido de una audiencia con el gobernador Juan Schiaretti para platear una vez m\u00e1s la reapertura de la paritaria provincial. El Consejo Directivo Provincial realiz\u00f3 el pedido ya que la escalada inflacionaria est\u00e1 demoliendo los salarios de los trabajadores de la Provincia, ante el magro 25% de aumento que [&hellip;]<\/p>\n","protected":false},"author":1,"featured_media":19220,"comment_status":"open","ping_status":"open","sticky":false,"template":"","format":"standard","meta":{"_exactmetrics_skip_tracking":false,"_exactmetrics_sitenote_active":false,"_exactmetrics_sitenote_note":"","_exactmetrics_sitenote_category":0,"jnews-multi-image_gallery":[],"jnews_single_post":[],"jnews_primary_category":[],"jnews_social_meta":[],"jnews_review":[],"enable_review":"","type":"","name":"","summary":"","brand":"","sku":"","good":[],"bad":[],"score_override":"","override_value":"","rating":[],"price":[],"jnews_override_counter":[],"jnews_post_split":[],"footnotes":""},"categories":[1],"tags":[],"class_list":["post-7081","post","type-post","status-publish","format-standard","has-post-thumbnail","hentry","category-sin-categoria"],"jetpack_featured_media_url":"https:\/\/atecordoba.org\/wp-content\/uploads\/2020\/05\/logo-nuevochico-e1561581322808.png","_links":{"self":[{"href":"https:\/\/atecordoba.org\/index.php?rest_route=\/wp\/v2\/posts\/7081","targetHints":{"allow":["GET"]}}],"collection":[{"href":"https:\/\/atecordoba.org\/index.php?rest_route=\/wp\/v2\/posts"}],"about":[{"href":"https:\/\/atecordoba.org\/index.php?rest_route=\/wp\/v2\/types\/post"}],"author":[{"embeddable":true,"href":"https:\/\/atecordoba.org\/index.php?rest_route=\/wp\/v2\/users\/1"}],"replies":[{"embeddable":true,"href":"https:\/\/atecordoba.org\/index.php?rest_route=%2Fwp%2Fv2%2Fcomments&post=7081"}],"version-history":[{"count":0,"href":"https:\/\/atecordoba.org\/index.php?rest_route=\/wp\/v2\/posts\/7081\/revisions"}],"wp:featuredmedia":[{"embeddable":true,"href":"https:\/\/atecordoba.org\/index.php?rest_route=\/wp\/v2\/media\/19220"}],"wp:attachment":[{"href":"https:\/\/atecordoba.org\/index.php?rest_route=%2Fwp%2Fv2%2Fmedia&parent=7081"}],"wp:term":[{"taxonomy":"category","embeddable":true,"href":"https:\/\/atecordoba.org\/index.php?rest_route=%2Fwp%2Fv2%2Fcategories&post=7081"},{"taxonomy":"post_tag","embeddable":true,"href":"https:\/\/atecordoba.org\/index.php?rest_route=%2Fwp%2Fv2%2Ftags&post=7081"}],"curies":[{"name":"wp","href":"https:\/\/api.w.org\/{rel}","templated":true}]}}