{"id":7076,"date":"2016-07-04T15:53:09","date_gmt":"2016-07-04T18:53:09","guid":{"rendered":"http:\/\/www.atecordoba.org\/?p=7076"},"modified":"2016-07-04T15:53:09","modified_gmt":"2016-07-04T18:53:09","slug":"hospital-pediatrico-asamblea-por-la-caida-de-cuatro-contratos-y-el-cierre-de-cinco-camas-de-internacion","status":"publish","type":"post","link":"https:\/\/atecordoba.org\/?p=7076","title":{"rendered":"Hospital Pedi\u00e1trico: asamblea por la ca\u00edda de cuatro contratos y el cierre de cinco camas de internaci\u00f3n"},"content":{"rendered":"<p><em>ATE convoc\u00f3 para ma\u00f1ana una asamblea de trabajadores en el Hospital Pedi\u00e1trico, a las 11 horas, para evaluar acciones debido a la ca\u00edda de los contratos de cuatro enfermeras del servicio de sala de internaci\u00f3n.<\/em><\/p>\n<p><img loading=\"lazy\" decoding=\"async\" class=\"aligncenter size-full wp-image-7077\" src=\"http:\/\/www.atecordoba.org\/wp-content\/uploads\/2016\/07\/hospital-pedi\u00e1trico-e1467658282660.jpg\" alt=\"hospital pedi\u00e1trico\" width=\"550\" height=\"309\" \/><\/p>\n<p>La medida tomada por el Ministerio de Salud dio como resultado la salida de funcionamiento de cinco camas de internaci\u00f3n, afectando la atenci\u00f3n de la comunidad mientras transcurre el periodo invernal con la alta demanda que registra el hospital en estos meses, y recargando tareas sobre el resto del plantel del personal.<\/p>\n<p>Tal es as\u00ed que los medios de comunicaci\u00f3n informaron hace 10 d\u00edas el desborde en la atenci\u00f3n del sistema p\u00fablico provincial debido a las enfermedades respiratorias, situaci\u00f3n que se ve agravada ahora en uno de los centros de salud que registra mayor actividad en la atenci\u00f3n de menores en la provincia. Todo se enmarca en el grave estado que muestra el sistema sanitario provincial, con carencias de personal, falta de insumos y abandono general de los hospitales.<\/p>\n<p>Vale se\u00f1alar que una de las compa\u00f1eras despedidas es transexual y que ma\u00f1ana integrantes del colectivo de transexuales se acercar\u00e1 al hospital para expresar su solidaridad con la enfermera.<\/p>\n<p>Adem\u00e1s, otros cuatro profesionales han visto caer sus contratos. Se trata de un oftalm\u00f3logo, un profesional del laboratorio, un fisioterapeuta y un personal de maestranza.<\/p>\n<p>La asamblea resentir\u00e1 la atenci\u00f3n del p\u00fablico.<\/p>\n","protected":false},"excerpt":{"rendered":"<p>ATE convoc\u00f3 para ma\u00f1ana una asamblea de trabajadores en el Hospital Pedi\u00e1trico, a las 11 horas, para evaluar acciones debido a la ca\u00edda de los contratos de cuatro enfermeras del servicio de sala de internaci\u00f3n. La medida tomada por el Ministerio de Salud dio como resultado la salida de funcionamiento de cinco camas de internaci\u00f3n, [&hellip;]<\/p>\n","protected":false},"author":1,"featured_media":19220,"comment_status":"open","ping_status":"open","sticky":false,"template":"","format":"standard","meta":{"_exactmetrics_skip_tracking":false,"_exactmetrics_sitenote_active":false,"_exactmetrics_sitenote_note":"","_exactmetrics_sitenote_category":0,"jnews-multi-image_gallery":[],"jnews_single_post":[],"jnews_primary_category":[],"jnews_social_meta":[],"jnews_review":[],"enable_review":"","type":"","name":"","summary":"","brand":"","sku":"","good":[],"bad":[],"score_override":"","override_value":"","rating":[],"price":[],"jnews_override_counter":[],"jnews_post_split":[],"footnotes":""},"categories":[7,8],"tags":[],"class_list":["post-7076","post","type-post","status-publish","format-standard","has-post-thumbnail","hentry","category-hospitales","category-provinciales"],"jetpack_featured_media_url":"https:\/\/atecordoba.org\/wp-content\/uploads\/2020\/05\/logo-nuevochico-e1561581322808.png","_links":{"self":[{"href":"https:\/\/atecordoba.org\/index.php?rest_route=\/wp\/v2\/posts\/7076","targetHints":{"allow":["GET"]}}],"collection":[{"href":"https:\/\/atecordoba.org\/index.php?rest_route=\/wp\/v2\/posts"}],"about":[{"href":"https:\/\/atecordoba.org\/index.php?rest_route=\/wp\/v2\/types\/post"}],"author":[{"embeddable":true,"href":"https:\/\/atecordoba.org\/index.php?rest_route=\/wp\/v2\/users\/1"}],"replies":[{"embeddable":true,"href":"https:\/\/atecordoba.org\/index.php?rest_route=%2Fwp%2Fv2%2Fcomments&post=7076"}],"version-history":[{"count":0,"href":"https:\/\/atecordoba.org\/index.php?rest_route=\/wp\/v2\/posts\/7076\/revisions"}],"wp:featuredmedia":[{"embeddable":true,"href":"https:\/\/atecordoba.org\/index.php?rest_route=\/wp\/v2\/media\/19220"}],"wp:attachment":[{"href":"https:\/\/atecordoba.org\/index.php?rest_route=%2Fwp%2Fv2%2Fmedia&parent=7076"}],"wp:term":[{"taxonomy":"category","embeddable":true,"href":"https:\/\/atecordoba.org\/index.php?rest_route=%2Fwp%2Fv2%2Fcategories&post=7076"},{"taxonomy":"post_tag","embeddable":true,"href":"https:\/\/atecordoba.org\/index.php?rest_route=%2Fwp%2Fv2%2Ftags&post=7076"}],"curies":[{"name":"wp","href":"https:\/\/api.w.org\/{rel}","templated":true}]}}