{"id":7072,"date":"2016-07-01T15:11:19","date_gmt":"2016-07-01T18:11:19","guid":{"rendered":"http:\/\/www.atecordoba.org\/?p=7072"},"modified":"2016-07-01T15:11:19","modified_gmt":"2016-07-01T18:11:19","slug":"conferencia-de-prensa-de-ate-rio-tercero-con-la-presencia-de-oscar-de-isasi","status":"publish","type":"post","link":"https:\/\/atecordoba.org\/?p=7072","title":{"rendered":"Conferencia de prensa de ATE R\u00edo Tercero con la presencia de Oscar de Isasi"},"content":{"rendered":"<p><em>La seccional anunci\u00f3 un encuentro con el dirigente de la provincia de Buenos Aires para debatir la construcci\u00f3n de una paro nacional de ATE.<\/em><\/p>\n<p><img loading=\"lazy\" decoding=\"async\" class=\"aligncenter size-full wp-image-7073\" src=\"http:\/\/www.atecordoba.org\/wp-content\/uploads\/2016\/07\/conferencia-e1467396637810.jpg\" alt=\"conferencia\" width=\"550\" height=\"413\" \/><\/p>\n<p>Con la presencia de la conducci\u00f3n de la seccional, encabezada por el secretario General Cristian Colman, y el secretario General de ATE provincia de Buenos Aires, Oscar de Isasi, se realiz\u00f3 hoy una conferencia de prensa donde los compa\u00f1eros anunciaron que nuestro gremio prepara un paro nacional de nacionales, provinciales y municipales que exprese el rechazo al ajuste que lleva adelante el gobierno de Mauricio Macri y su correlaci\u00f3n en los distintos niveles del Estado.<\/p>\n<p>En declaraciones difundidas por los compa\u00f1eros de la seccional, de Isasi aclar\u00f3 que ATE se hace cargo de encabezar la lucha para repudiar y contrarrestar la crisis social que afecta a la comunidad. &#8220;Vamos a debatir cu\u00e1les son las mejores propuestas para avanzar sobre lo que ya defini\u00f3 la conducci\u00f3n nacional: la realizaci\u00f3n a la brevedad de un paro en todas las jurisdicciones estatales por salarios dignos, contra los despidos y por la reincorporaci\u00f3n de los despedidos, por la plena estabilidad laboral de trabajadoras y trabajadores del Estado&#8221;.<\/p>\n<p>En la oportunidad tambi\u00e9n estuvo presente el secretario General de la CTA R\u00edo Tercero, H\u00e9ctor Sirio.<\/p>\n","protected":false},"excerpt":{"rendered":"<p>La seccional anunci\u00f3 un encuentro con el dirigente de la provincia de Buenos Aires para debatir la construcci\u00f3n de una paro nacional de ATE. Con la presencia de la conducci\u00f3n de la seccional, encabezada por el secretario General Cristian Colman, y el secretario General de ATE provincia de Buenos Aires, Oscar de Isasi, se realiz\u00f3 [&hellip;]<\/p>\n","protected":false},"author":1,"featured_media":19220,"comment_status":"open","ping_status":"open","sticky":false,"template":"","format":"standard","meta":{"_exactmetrics_skip_tracking":false,"_exactmetrics_sitenote_active":false,"_exactmetrics_sitenote_note":"","_exactmetrics_sitenote_category":0,"jnews-multi-image_gallery":[],"jnews_single_post":[],"jnews_primary_category":[],"jnews_social_meta":[],"jnews_review":[],"enable_review":"","type":"","name":"","summary":"","brand":"","sku":"","good":[],"bad":[],"score_override":"","override_value":"","rating":[],"price":[],"jnews_override_counter":[],"jnews_post_split":[],"footnotes":""},"categories":[18,13],"tags":[],"class_list":["post-7072","post","type-post","status-publish","format-standard","has-post-thumbnail","hentry","category-nacionales","category-rio-tercero"],"jetpack_featured_media_url":"https:\/\/atecordoba.org\/wp-content\/uploads\/2020\/05\/logo-nuevochico-e1561581322808.png","_links":{"self":[{"href":"https:\/\/atecordoba.org\/index.php?rest_route=\/wp\/v2\/posts\/7072","targetHints":{"allow":["GET"]}}],"collection":[{"href":"https:\/\/atecordoba.org\/index.php?rest_route=\/wp\/v2\/posts"}],"about":[{"href":"https:\/\/atecordoba.org\/index.php?rest_route=\/wp\/v2\/types\/post"}],"author":[{"embeddable":true,"href":"https:\/\/atecordoba.org\/index.php?rest_route=\/wp\/v2\/users\/1"}],"replies":[{"embeddable":true,"href":"https:\/\/atecordoba.org\/index.php?rest_route=%2Fwp%2Fv2%2Fcomments&post=7072"}],"version-history":[{"count":0,"href":"https:\/\/atecordoba.org\/index.php?rest_route=\/wp\/v2\/posts\/7072\/revisions"}],"wp:featuredmedia":[{"embeddable":true,"href":"https:\/\/atecordoba.org\/index.php?rest_route=\/wp\/v2\/media\/19220"}],"wp:attachment":[{"href":"https:\/\/atecordoba.org\/index.php?rest_route=%2Fwp%2Fv2%2Fmedia&parent=7072"}],"wp:term":[{"taxonomy":"category","embeddable":true,"href":"https:\/\/atecordoba.org\/index.php?rest_route=%2Fwp%2Fv2%2Fcategories&post=7072"},{"taxonomy":"post_tag","embeddable":true,"href":"https:\/\/atecordoba.org\/index.php?rest_route=%2Fwp%2Fv2%2Ftags&post=7072"}],"curies":[{"name":"wp","href":"https:\/\/api.w.org\/{rel}","templated":true}]}}