{"id":7069,"date":"2016-07-01T14:39:07","date_gmt":"2016-07-01T17:39:07","guid":{"rendered":"http:\/\/www.atecordoba.org\/?p=7069"},"modified":"2020-06-09T16:51:17","modified_gmt":"2020-06-09T19:51:17","slug":"la-seccional-rio-cuarto-reivindico-el-trabajo-de-los-estatales-con-una-carpa","status":"publish","type":"post","link":"https:\/\/atecordoba.org\/?p=7069","title":{"rendered":"La seccional R\u00edo Cuarto reivindic\u00f3 el trabajo de los estatales con una carpa"},"content":{"rendered":"<p><em>Con una carpa en la plaza central de la ciudad, la seccional llev\u00f3 adelante ayer una serie de actividades en el marco de la campa\u00f1a &#8216;Mi trabajo son tus derechos&#8217;.<\/em><\/p>\n<p><img loading=\"lazy\" decoding=\"async\" class=\"aligncenter wp-image-7070\" src=\"http:\/\/atecordoba.org\/wp-content\/uploads\/2020\/06\/ate-2-e1467394717360.jpg\" alt=\"ate-2\" width=\"470\" height=\"667\" \/><\/p>\n<p>&#8220;Venimos a contarle a la gente las tareas que realizamos, que no somos \u00f1oquis. Creemos que el gobierno busc\u00f3 construir un consenso acus\u00e1ndonos de \u00f1oquis y nosotros salimos a contrarrestar ese concepto. Hacemos tareas diarias que ponen en funcionamiento el Estado y que garantizan los derechos de la comunidad&#8221;, declar\u00f3 a una radio local el secretario General de R\u00edo Cuarto, Walter Avalos.<\/p>\n<p>La actividad cont\u00f3 con la presencia del secretario General de ATE provincia de Buenos Aires, Oscar de Isasi.<\/p>\n","protected":false},"excerpt":{"rendered":"<p>Con una carpa en la plaza central de la ciudad, la seccional llev\u00f3 adelante ayer una serie de actividades en el marco de la campa\u00f1a &#8216;Mi trabajo son tus derechos&#8217;. &#8220;Venimos a contarle a la gente las tareas que realizamos, que no somos \u00f1oquis. Creemos que el gobierno busc\u00f3 construir un consenso acus\u00e1ndonos de \u00f1oquis [&hellip;]<\/p>\n","protected":false},"author":1,"featured_media":19220,"comment_status":"open","ping_status":"open","sticky":false,"template":"","format":"standard","meta":{"_exactmetrics_skip_tracking":false,"_exactmetrics_sitenote_active":false,"_exactmetrics_sitenote_note":"","_exactmetrics_sitenote_category":0,"jnews-multi-image_gallery":[],"jnews_single_post":[],"jnews_primary_category":[],"jnews_social_meta":[],"jnews_review":[],"enable_review":"","type":"","name":"","summary":"","brand":"","sku":"","good":[],"bad":[],"score_override":"","override_value":"","rating":[],"price":[],"jnews_override_counter":[],"jnews_post_split":[],"footnotes":""},"categories":[12,34],"tags":[],"class_list":["post-7069","post","type-post","status-publish","format-standard","has-post-thumbnail","hentry","category-rio-cuarto","category-seccionales"],"jetpack_featured_media_url":"https:\/\/atecordoba.org\/wp-content\/uploads\/2020\/05\/logo-nuevochico-e1561581322808.png","_links":{"self":[{"href":"https:\/\/atecordoba.org\/index.php?rest_route=\/wp\/v2\/posts\/7069","targetHints":{"allow":["GET"]}}],"collection":[{"href":"https:\/\/atecordoba.org\/index.php?rest_route=\/wp\/v2\/posts"}],"about":[{"href":"https:\/\/atecordoba.org\/index.php?rest_route=\/wp\/v2\/types\/post"}],"author":[{"embeddable":true,"href":"https:\/\/atecordoba.org\/index.php?rest_route=\/wp\/v2\/users\/1"}],"replies":[{"embeddable":true,"href":"https:\/\/atecordoba.org\/index.php?rest_route=%2Fwp%2Fv2%2Fcomments&post=7069"}],"version-history":[{"count":1,"href":"https:\/\/atecordoba.org\/index.php?rest_route=\/wp\/v2\/posts\/7069\/revisions"}],"predecessor-version":[{"id":20109,"href":"https:\/\/atecordoba.org\/index.php?rest_route=\/wp\/v2\/posts\/7069\/revisions\/20109"}],"wp:featuredmedia":[{"embeddable":true,"href":"https:\/\/atecordoba.org\/index.php?rest_route=\/wp\/v2\/media\/19220"}],"wp:attachment":[{"href":"https:\/\/atecordoba.org\/index.php?rest_route=%2Fwp%2Fv2%2Fmedia&parent=7069"}],"wp:term":[{"taxonomy":"category","embeddable":true,"href":"https:\/\/atecordoba.org\/index.php?rest_route=%2Fwp%2Fv2%2Fcategories&post=7069"},{"taxonomy":"post_tag","embeddable":true,"href":"https:\/\/atecordoba.org\/index.php?rest_route=%2Fwp%2Fv2%2Ftags&post=7069"}],"curies":[{"name":"wp","href":"https:\/\/api.w.org\/{rel}","templated":true}]}}