{"id":7056,"date":"2016-06-29T16:27:40","date_gmt":"2016-06-29T19:27:40","guid":{"rendered":"http:\/\/www.atecordoba.org\/?p=7056"},"modified":"2016-06-29T16:27:40","modified_gmt":"2016-06-29T19:27:40","slug":"comenzaron-hoy-las-jornadas-para-debatir-el-estado-del-siglo-xxi","status":"publish","type":"post","link":"https:\/\/atecordoba.org\/?p=7056","title":{"rendered":"Comenzaron hoy las jornadas para debatir el Estado del Siglo XXI"},"content":{"rendered":"<p><em>Se trata de tres jornadas de debate y\u00a0propuestas convocadas por el Consejo Directivo Nacional\u00a0 para dise\u00f1ar, desde la perspectiva de la clase trabajadora, el modelo de Estado\u00a0democr\u00e1tico y popular necesario para este nuevo tiempo. Participan\u00a0m\u00e1s de 35 expositores provenientes de distintas organizaciones sindicales, sociales, pol\u00edticas y acad\u00e9micas constituir\u00e1n ocho mesas en el anfiteatro Eva Per\u00f3n de la sede nacional de ATE.<\/em><\/p>\n<p><img loading=\"lazy\" decoding=\"async\" class=\"aligncenter size-full wp-image-7057\" src=\"http:\/\/www.atecordoba.org\/wp-content\/uploads\/2016\/06\/1-mesa-de-conduccion-romero-godoy-e1467228111366.jpg\" alt=\"1 mesa de conduccion - romero - godoy\" width=\"550\" height=\"381\" \/><\/p>\n<p>El\u00a0debate aparece como imprescindible no s\u00f3lo en el marco del reciente cambio de gobierno en la Argentina, sino por la reconfiguraci\u00f3n pol\u00edtica, jur\u00eddica e institucional del bloque dominante y las nuevas conflictividades que ello genera. Estos escenarios imponen necesarias re-lecturas y re-interpretaciones de la fase hist\u00f3rica en el pa\u00eds y la regi\u00f3n. No meramente desde la perspectiva anal\u00edtica o descriptiva, sino con el objetivo de fortalecer la vocaci\u00f3n de protagonizar los procesos que deseamos desemboquen en un nuevo Estado al servicio de las mayor\u00edas populares.<\/p>\n<p>La provincia de C\u00f3rdoba tuvo hoy una importante representaci\u00f3n en la primera jornada del ciclo de debates, con la presencia de una delegaci\u00f3n encabezada por nuestra secretaria General del consejo Directivo Provincial, Mar\u00eda Liliana Salerno, el Adjunto, Luis B\u00e1rcena, el secretario de Formaci\u00f3n, Jos\u00e9 Gorozo, y el vocal Alejandro Charra, junto al secretario General de la seccional Villa Mar\u00eda, Fernando Mercado, el Progremial, Alberto C\u00f3rdoba, el secretario General de R\u00edo Tercero, Cristian Colman, y el Gremial de dicha seccional, Damian Albornoz.<\/p>\n<p><img loading=\"lazy\" decoding=\"async\" class=\"aligncenter size-full wp-image-7058\" src=\"http:\/\/www.atecordoba.org\/wp-content\/uploads\/2016\/06\/2-publico-e1467228281597.jpg\" alt=\"2 publico\" width=\"550\" height=\"388\" \/><\/p>\n<p><span style=\"font-style: inherit; font-weight: inherit;\"><span style=\"font-style: inherit; font-weight: inherit;\">En esta apertura se dirigi\u00f3 a los compa\u00f1eros presentes el secretario General de ATE nacional, Hugo Godoy, acompa\u00f1ado pro la Secretaria de Formaci\u00f3n, Mar\u00eda Teresa Romero, la secretaria de Organizaci\u00f3n, Silvia Leon, el gremial, Cristian Mu\u00f1oz, y el secretario General de ATE provincia de Buenos Aires, Oscar De Isasi.<\/span><\/span><\/p>\n<p><span style=\"font-style: inherit; font-weight: inherit;\"><span style=\"font-style: inherit; font-weight: inherit;\">En su discurso, Godoy hizo hincapi\u00e9 en la necesidad, desde el rol de los trabajadores, de<span style=\"font-style: inherit; font-weight: inherit;\">\u00a0<\/span>comenzar a repensar las pol\u00edticas p\u00fablicas, sobre todo en tiempos donde se van produciendo profundos cambios en pol\u00edtica nacional. \u201cSe ve claramente en toda la regi\u00f3n que hay un impulso desde el Estado para la aplicaci\u00f3n de pol\u00edticas neoliberales\u201d dijo, antes de subrayar en que \u201cpara contraponer esto es que desde los propios trabajadores estatales debemos elaborar nuestras propuestas y pulsear a partir de nuestro rol de trabajadores por una pol\u00edtica popular, al servicio del pueblo y claramente soberana\u201d.<\/span><\/span><\/p>\n<p><img loading=\"lazy\" decoding=\"async\" class=\"aligncenter size-full wp-image-7059\" src=\"http:\/\/www.atecordoba.org\/wp-content\/uploads\/2016\/06\/3-vista-general-e1467228303123.jpg\" alt=\"3 vista general\" width=\"550\" height=\"351\" \/><\/p>\n<p><span style=\"font-style: inherit; font-weight: inherit;\"><span style=\"font-style: inherit; font-weight: inherit;\">Godoy enfatiz\u00f3 que el aporte de los trabajadores en cuanto al rol que debe tener el Estado es determinante: \u201caportamos en el pensamiento, en la Cultura, en la ciencia, en la tecnolog\u00eda, en la producci\u00f3n, en la defensa, en la Seguridad Social, y por supuesto en todo lo que hace la salud y educaci\u00f3n al servicio del pueblo\u201d.<\/span><\/span><\/p>\n<p><span style=\"font-style: inherit; font-weight: inherit;\"><span style=\"font-style: inherit; font-weight: inherit;\">Godoy retom\u00f3 el<span style=\"font-style: inherit; font-weight: inherit;\">\u00a0 <\/span>concepto de \u201cpulsear por un Estado al servicio de las mayor\u00edas\u201d la momento de repasar los primeros efectos de este resurgir del neoliberalismo a partir del gobierno de Macri. \u201cEsto que nosotros llamamos la tercera reforma del Estado, ha dejado a 11.000 trabajadores del Estado nacional cesanteados, que se suman a otros 25.000 en provincias y municipios y aun impulso mayor por reformar en lo que ellos est\u00e1n llamando la modernizaci\u00f3n del Estado. Y que adem\u00e1s tambi\u00e9n se ve en otros \u00e1mbitos como la decisi\u00f3n de Macri de querer sumar a la Argentina en la Alianza Transpac\u00edfica o intentar privatizar y desregular todas las \u00e1reas del Estado que le sean posible para favorecer a los grandes capitales\u201d, afirm\u00f3 el dirigente. <span style=\"font-style: inherit; font-weight: inherit;\">\u00a0<\/span><\/span><\/span><\/p>\n<p><span style=\"font-style: inherit; font-weight: inherit;\"><span style=\"font-style: inherit; font-weight: inherit;\">En lo que hace a nuestra organizaci\u00f3n, Godoy remarc\u00f3 el plan de lucha que se inici\u00f3 en diciembre pasado y que cobr\u00f3 fuerza a partir de la jornada nacional de protesta del 24 de febrero \u201cy que despu\u00e9s dio lugar a otras luchas y las seguir\u00e1 dando\u201d, acot\u00f3. Tambi\u00e9n dedic\u00f3 un p\u00e1rrafo a lo que ha sido la resistencia en estos a\u00f1os \u201chace 11 a\u00f1os contra el ALCA o de los compa\u00f1eros uruguayos aqu\u00ed presentes que frenaron la entrada de su pa\u00eds al acuerdo comercial de servicios\u201d, el TISA. <span style=\"font-style: inherit; font-weight: inherit;\">\u00a0<\/span><span style=\"font-style: inherit; font-weight: inherit;\">\u00a0<\/span><\/span><\/span><\/p>\n<p><img loading=\"lazy\" decoding=\"async\" class=\"aligncenter size-full wp-image-7060\" src=\"http:\/\/www.atecordoba.org\/wp-content\/uploads\/2016\/06\/5-compa\u00f1eros-e1467228403819.jpg\" alt=\"5 compa\u00f1eros\" width=\"550\" height=\"309\" \/><\/p>\n<p><span style=\"font-style: inherit; font-weight: inherit;\"><span style=\"font-style: inherit; font-weight: inherit;\">Al\u00a0repensar el Estado del Siglo XXI a favor de las mayor\u00edas populares no quedan fuera del debate las \u00e1reas\u00a0productivas de este Estado: \u201chay en el gobierno una necesidad de entregar el Estado a los capitales privados, y lo hacen frenado la inversi\u00f3n estatal. As\u00ed tenemos paralizada la Usina de R\u00edo Turbio, o el yacimiento de carb\u00f3n trabajando en menor escala. Parado el proyecto de la 4\u00ba central nuclear, ni hablar de las F\u00e1bricas Militares o como pasa en la provincia de Buenos Aires con el Astillero R\u00edo Santiago\u201d, enumer\u00f3 Godoy.<\/span><\/span><\/p>\n<p><span style=\"font-style: inherit; font-weight: inherit;\"><span style=\"font-style: inherit; font-weight: inherit;\">Antes de dar cierre resalt\u00f3 que estas 3 jornadas no s\u00f3lo contar\u00e1 con la participaci\u00f3n de trabajadores de nuestro sindicato, sino tambi\u00e9n hay invitadas al debate otras organizaciones sociales, catedr\u00e1ticos y economistas, entre otros, que dar\u00e1n su punto de vista sobre el futuro rol del Estado.<\/span><\/span><\/p>\n<p><span style=\"font-style: inherit; font-weight: inherit;\"><span style=\"font-style: inherit; font-weight: inherit;\">Para finalizar Godoy se\u00f1al\u00f3 que se espera que \u201cen no m\u00e1s de 6 meses ya tengamos elaboradas nuestras propuestas para llevar a todos los compa\u00f1eros del pa\u00eds y de aquellos que creemos que el Estado, en este caso el nuestro, debe servir a los intereses de su pueblo\u201d.<\/span><\/span><\/p>\n<h4>Primera mesa: reflexiones sobre el Estado, realidad regional y modernizaci\u00f3n<\/h4>\n<p><span style=\"font-style: inherit; font-weight: inherit;\">Coordinada por Horacio Fern\u00e1ndez, director del instituto de estudios de ATE, la primer mesa de debate abord\u00f3 las\u00a0tem\u00e1ticas relacionadas con reflexiones sobre el Estado, la realidad regional, el proyecto de gobierno de \u201cModernizar\u201d el Estado, la experiencia uruguaya sobre los tratados internacionales y el Estado que necesita la clase trabajadora.<\/span><\/p>\n<p><img loading=\"lazy\" decoding=\"async\" class=\"aligncenter size-full wp-image-7061\" src=\"http:\/\/www.atecordoba.org\/wp-content\/uploads\/2016\/06\/4-1\u00ba-mesa-e1467228433155.jpg\" alt=\"4 1\u00ba mesa\" width=\"550\" height=\"365\" \/><\/p>\n<p><span style=\"font-style: inherit; font-weight: inherit;\"><span style=\"font-style: inherit; font-weight: inherit;\">Ariel Pennisi, licenciado en comunicaci\u00f3n social y docente universitario, abord\u00f3 la tem\u00e1tica del \u201cEstado Posnacional\u201d \u2013seg\u00fan la propuesta del investigador Ignacio Lewkowics- conformado por una naci\u00f3n compuesta de p\u00fablico o gente y no de clase o pueblo, de consumidores y no de ciudadanos; una naci\u00f3n dependiente m\u00e1s del espect\u00e1culo y el relato que de su historia; m\u00e1s identificada con sus celebridades que con sus pr\u00f3ceres.<\/span><\/span><\/p>\n<p><span style=\"font-style: inherit; font-weight: inherit;\"><span style=\"font-style: inherit; font-weight: inherit;\">A su turno, la dirigente sindical de la COFE, Confederaci\u00f3n de Organizaciones de funcionarios del Estado-Uruguay, Matilde Abin relat\u00f3 la experiencia de su sindicato y la central PIT-CNT contra la inclusi\u00f3n de Uruguay en el Acuerdo sobre el Comercio Internacional de Servicios (TISA). La representante de los estatales del pa\u00eds vecino detall\u00f3 c\u00f3mo, tras enterarse por los medios de la intenci\u00f3n gubernamental de sumarse al TISA, los trabajadores mediante organizaci\u00f3n y lucha pudieron torcerle el brazo al gobierno hasta que se retiro de ese acuerdo supranacional y los perjuicios que le hubiera ocasionado a su pa\u00eds.<\/span><\/span><\/p>\n<p><span style=\"font-style: inherit; font-weight: inherit;\"><span style=\"font-style: inherit; font-weight: inherit;\">Los j\u00f3venes integrantes del IDEP, Mart\u00edn Astarita y Jimena Rubio, analizaron la propuesta del gobierno de Macri de modernizar el Estado a trav\u00e9s del decreto 434 y la creaci\u00f3n del Ministerio del mismo nombre.<\/span><\/span><\/p>\n<p><span style=\"font-style: inherit; font-weight: inherit;\"><span style=\"font-style: inherit; font-weight: inherit;\">Mart\u00edn Astarita hizo hincapi\u00e9 en que el concepto de modernizaci\u00f3n, lejos de ser novedoso, ya fue usado durante los gobiernos de Menem, De la R\u00faa y Kirchner con la intenci\u00f3n de llevar adelante determinadas reformas. Caracteriz\u00f3 tambi\u00e9n que la modernizaci\u00f3n de Macri apunta a un gobierno de CEOs (directivos de empresas), a una gesti\u00f3n \u201ccon resultados\u201d y a la visi\u00f3n de que el Estado actual atrasa con respecto a la evoluci\u00f3n de las empresas. En definitiva, l\u00f3gica empresarial y poder a los gerentes.<\/span><\/span><\/p>\n<p><span style=\"font-style: inherit; font-weight: inherit;\"><span style=\"font-style: inherit; font-weight: inherit;\">La investigadora Jimena Rubio, por su parte, describi\u00f3 los cambios en la mentalidad gubernamental donde los ciudadanos son clientes, los funcionarios no deben ser pol\u00edticos ni militantes, el Estado no debe gastar tanto en personal y su finalidad es garantizar el funcionamiento del mercado.<\/span><\/span><\/p>\n<p><span style=\"font-style: inherit; font-weight: inherit;\"><span style=\"font-style: inherit; font-weight: inherit;\">Finalmente destacaron que, a pesar de esas intenciones, el poder ejecutivo aument\u00f3 el n\u00famero de ministerios, secretarias y subsecretarias y la cantidad de nuevos funcionarios. Eso s\u00ed, nada de \u201cgrasa militante\u201d sino exitosos hombres de la actividad empresarial.<\/span><\/span><\/p>\n<p><span style=\"font-style: inherit; font-weight: inherit;\"><span style=\"font-style: inherit; font-weight: inherit;\">El Secretario General adjunto de la CTA Aut\u00f3noma, Ricardo Peidro, analiz\u00f3, desde su experiencia como representante de trabajadores de la actividad privada m\u00e1s cruel \u2013la farmac\u00e9utica-, las propuestas del gobierno de Macri y sus semejanzas. As\u00ed contrast\u00f3 la visi\u00f3n de un Estado que garantice la justicia social contra uno que garantice los privilegios; la de un Estado que medie entre los sectores contra otro que disciplina a la clase trabajadora y no regule el mercado.<\/span><\/span><\/p>\n<p><span style=\"font-style: inherit; font-weight: inherit;\"><span style=\"font-style: inherit; font-weight: inherit;\">Para finalizar destac\u00f3 la necesidad de contrarrestar esa visi\u00f3n del Estado empresarial con una estrategia de poder desde la clase trabajadora que permita construir el Estado que merecemos y necesitamos.\u00a0<\/span><\/span><\/p>\n","protected":false},"excerpt":{"rendered":"<p>Se trata de tres jornadas de debate y\u00a0propuestas convocadas por el Consejo Directivo Nacional\u00a0 para dise\u00f1ar, desde la perspectiva de la clase trabajadora, el modelo de Estado\u00a0democr\u00e1tico y popular necesario para este nuevo tiempo. Participan\u00a0m\u00e1s de 35 expositores provenientes de distintas organizaciones sindicales, sociales, pol\u00edticas y acad\u00e9micas constituir\u00e1n ocho mesas en el anfiteatro Eva Per\u00f3n [&hellip;]<\/p>\n","protected":false},"author":1,"featured_media":19220,"comment_status":"open","ping_status":"open","sticky":false,"template":"","format":"standard","meta":{"_exactmetrics_skip_tracking":false,"_exactmetrics_sitenote_active":false,"_exactmetrics_sitenote_note":"","_exactmetrics_sitenote_category":0,"jnews-multi-image_gallery":[],"jnews_single_post":[],"jnews_primary_category":[],"jnews_social_meta":[],"jnews_review":[],"enable_review":"","type":"","name":"","summary":"","brand":"","sku":"","good":[],"bad":[],"score_override":"","override_value":"","rating":[],"price":[],"jnews_override_counter":[],"jnews_post_split":[],"footnotes":""},"categories":[18],"tags":[],"class_list":["post-7056","post","type-post","status-publish","format-standard","has-post-thumbnail","hentry","category-nacionales"],"jetpack_featured_media_url":"https:\/\/atecordoba.org\/wp-content\/uploads\/2020\/05\/logo-nuevochico-e1561581322808.png","_links":{"self":[{"href":"https:\/\/atecordoba.org\/index.php?rest_route=\/wp\/v2\/posts\/7056","targetHints":{"allow":["GET"]}}],"collection":[{"href":"https:\/\/atecordoba.org\/index.php?rest_route=\/wp\/v2\/posts"}],"about":[{"href":"https:\/\/atecordoba.org\/index.php?rest_route=\/wp\/v2\/types\/post"}],"author":[{"embeddable":true,"href":"https:\/\/atecordoba.org\/index.php?rest_route=\/wp\/v2\/users\/1"}],"replies":[{"embeddable":true,"href":"https:\/\/atecordoba.org\/index.php?rest_route=%2Fwp%2Fv2%2Fcomments&post=7056"}],"version-history":[{"count":0,"href":"https:\/\/atecordoba.org\/index.php?rest_route=\/wp\/v2\/posts\/7056\/revisions"}],"wp:featuredmedia":[{"embeddable":true,"href":"https:\/\/atecordoba.org\/index.php?rest_route=\/wp\/v2\/media\/19220"}],"wp:attachment":[{"href":"https:\/\/atecordoba.org\/index.php?rest_route=%2Fwp%2Fv2%2Fmedia&parent=7056"}],"wp:term":[{"taxonomy":"category","embeddable":true,"href":"https:\/\/atecordoba.org\/index.php?rest_route=%2Fwp%2Fv2%2Fcategories&post=7056"},{"taxonomy":"post_tag","embeddable":true,"href":"https:\/\/atecordoba.org\/index.php?rest_route=%2Fwp%2Fv2%2Ftags&post=7056"}],"curies":[{"name":"wp","href":"https:\/\/api.w.org\/{rel}","templated":true}]}}