{"id":7042,"date":"2016-06-28T15:41:26","date_gmt":"2016-06-28T18:41:26","guid":{"rendered":"http:\/\/www.atecordoba.org\/?p=7042"},"modified":"2016-06-28T15:41:26","modified_gmt":"2016-06-28T18:41:26","slug":"ate-inauguro-el-hotel-hector-quagliaro","status":"publish","type":"post","link":"https:\/\/atecordoba.org\/?p=7042","title":{"rendered":"ATE inaugur\u00f3 el Hotel `H\u00e9ctor Quagliaro\u00b4"},"content":{"rendered":"<p><em>En el marco de las celebraciones por el D\u00eda del Trabajador del Estado, el Consejo Directivo Nacional de ATE celebr\u00f3 la inauguraci\u00f3n del Hotel \u2018H\u00e9ctor Quagliaro\u2019, en la calle Moreno 264 (CABA). Se llevaron a cabo distintas actividades culturales<\/em>.<\/p>\n<p><img loading=\"lazy\" decoding=\"async\" class=\"aligncenter size-full wp-image-7043\" src=\"http:\/\/www.atecordoba.org\/wp-content\/uploads\/2016\/06\/2-e1467138864552.jpg\" alt=\"2\" width=\"550\" height=\"309\" \/><\/p>\n<p><span style=\"font-style: inherit; font-weight: inherit;\"><span style=\"font-style: inherit; font-weight: inherit;\">Se trat\u00f3 de una jornada de fiesta para afiliados y militantes de la Asociaci\u00f3n Trabajadores del Estado, que en gran n\u00famero se acercaron para estar presentes en el corte de cinta que inaugur\u00f3 el nuevo hotel en la Ciudad de Buenos Aires. Adem\u00e1s de dirigentes nacionales, provinciales y de seccionales del sindicato, asistieron referentes de la CTA Aut\u00f3noma y organizaciones sindicales y sociales. Entre los invitados especiales se encontraba Leticia Quagliaro, militante de ATE Rosario e hija del hist\u00f3rico H\u00e9ctor Quagliaro, quien visiblemente emocionada salud\u00f3 a los presentes.<\/span><\/span><\/p>\n<p><img loading=\"lazy\" decoding=\"async\" class=\"aligncenter size-full wp-image-7044\" src=\"http:\/\/www.atecordoba.org\/wp-content\/uploads\/2016\/06\/4-e1467138891338.jpg\" alt=\"4\" width=\"550\" height=\"309\" \/><\/p>\n<p>Desde C\u00f3rdoba estuvieron presentes nuestra secretaria General, Mar\u00eda Liliana Salerno, el secretario Adjunto, Lu\u00eds Barcena, el secretario de Formaci\u00f3n, Jos\u00e9 Gorozo, y los secretarios generales de las seccionales Villa Mar\u00eda y R\u00edo Tercero, Fernando Mercado y Cristian Colman.<\/p>\n<p><img loading=\"lazy\" decoding=\"async\" class=\"aligncenter size-full wp-image-7051\" src=\"http:\/\/www.atecordoba.org\/wp-content\/uploads\/2016\/06\/10-e1467139217321.jpg\" alt=\"10\" width=\"550\" height=\"309\" \/><\/p>\n<p>&nbsp;<\/p>\n<p><span style=\"font-style: inherit; font-weight: inherit;\"><span style=\"font-style: inherit; font-weight: inherit;\">El acto continu\u00f3 en el anfiteatro que el hotel tiene en el subsuelo con capacidad para 180 personas. All\u00ed, Hugo \u201cCachorro\u201d Godoy, Secretario General de ATE, resalt\u00f3 la actividad que se llev\u00f3 a cabo en el marco de la Campa\u00f1a Continental en Defensa del Empleo P\u00fablico convodada por la Confederaci\u00f3n Latinoamericana y del Caribe de Trabajadores Estatales. Durante todo el d\u00eda el Obelisco, en el centro de la Ciudad, fue el escenario de actividades culturales en las que se busc\u00f3 concientizar sobre el rol de los trabajadores y el Estado. \u201cPeleamos cotidianamente por nuestros derechos como trabajadores y por los derechos de toda la sociedad, de nuestro pueblo\u201d, resalt\u00f3 el titular del gremio, y agreg\u00f3: \u201cNo solamente nos oponemos a las injusticias y las enfrentamos, sino que construimos un proyecto de pa\u00eds junto a las organizaciones libres del pueblo en el que la solidaridad sea un pilar fundamental\u201d.<\/span><\/span><\/p>\n<p><img loading=\"lazy\" decoding=\"async\" class=\"aligncenter size-full wp-image-7046\" src=\"http:\/\/www.atecordoba.org\/wp-content\/uploads\/2016\/06\/3-e1467138947237.jpg\" alt=\"3\" width=\"550\" height=\"309\" \/><\/p>\n<p><span style=\"font-style: inherit; font-weight: inherit;\"><span style=\"font-style: inherit; font-weight: inherit;\">Por \u00faltimo, y dando pie a las actividades subsiguientes, Godoy afirm\u00f3: \u201cEste sitio es un hotel, pero tambi\u00e9n un centro de creatividad donde se expresen los compa\u00f1eros, un espacio para debatir y compartir juntos las ideas y proyectos\u201d. \u00a0<\/span><\/span><\/p>\n<p><img loading=\"lazy\" decoding=\"async\" class=\"aligncenter size-full wp-image-7047\" src=\"http:\/\/www.atecordoba.org\/wp-content\/uploads\/2016\/06\/7-e1467138974522.jpg\" alt=\"7\" width=\"309\" height=\"550\" \/><\/p>\n<p><span style=\"font-style: inherit; font-weight: inherit;\"><span style=\"font-style: inherit; font-weight: inherit;\">Durante la ceremonia se llevaron a cabo diversas actividades culturales, como un show musical del compa\u00f1ero Marcial Herdt, de ATE Diamante; de Joselo Schuap, de ATE Misiones; y una muestra de los compa\u00f1eros de los Cuerpos Art\u00edsticos Nacionales nucleados en ATE. Se proyectaron adem\u00e1s audiovisuales que reflejaron las distintas etapas en la construcci\u00f3n del hotel.<\/span><\/span><\/p>\n<p><img loading=\"lazy\" decoding=\"async\" class=\"aligncenter size-full wp-image-7048\" src=\"http:\/\/www.atecordoba.org\/wp-content\/uploads\/2016\/06\/8-e1467138997937.jpg\" alt=\"8\" width=\"550\" height=\"309\" \/><\/p>\n<p><span style=\"font-style: inherit; font-weight: inherit;\"><span style=\"font-style: inherit; font-weight: inherit;\">Por su parte, Julio Fuentes, Secretario Adjunto de ATE y Presidente de CLATE, expres\u00f3: \u201cUn hotel sindical es, conceptualmente, un monumento al ascenso social\u201d. En la misma l\u00ednea, el dirigente record\u00f3: \u201cHist\u00f3ricamente, los espacios de recreaci\u00f3n y con un sentido de bienestar \u2013como es este hotel- no estaban destinados a los trabajadores, sino s\u00f3lo a una elite. Fue sin dudas el sindicalismo \u2013tantas veces vapuleado por propios y extra\u00f1os- el que ha hecho posible la construcci\u00f3n social\u201d.<\/span><\/span><\/p>\n<p><span style=\"font-style: inherit; font-weight: inherit;\"><span style=\"font-style: inherit; font-weight: inherit;\">\u00a0<\/span><\/span><\/p>\n<p><span style=\"font-style: inherit; font-weight: inherit;\"><b><strong style=\"font-style: inherit;\"><span style=\"font-style: inherit; font-weight: inherit;\">Caracter\u00edsticas del Hotel `H\u00e9ctor Quagliaro\u00b4<\/span><\/strong><\/b><\/span><\/p>\n<p><span style=\"font-style: inherit; font-weight: inherit;\"><span style=\"font-style: inherit; font-weight: inherit;\">Sobre la calle Moreno, en el barrio porte\u00f1o de Balbanera (mejor conocido como Once), se erigen los cinco pisos del flamante hotel de ATE. El moderno edificio tiene una superficie de 2 mil metros cuadrados, 22 habitaciones dobles y cinco triples con aire acondicionado, TV y Wi-Fi. De acuerdo a las normativas, el hotel posee plena accesibilidad para discapacitados o personas con movilidad reducida.<\/span><\/span><\/p>\n<p><img loading=\"lazy\" decoding=\"async\" class=\"aligncenter size-full wp-image-7050\" src=\"http:\/\/www.atecordoba.org\/wp-content\/uploads\/2016\/06\/6-e1467139135317.jpg\" alt=\"6\" width=\"550\" height=\"309\" \/><\/p>\n<p><span style=\"font-style: inherit; font-weight: inherit;\"><span style=\"font-style: inherit; font-weight: inherit;\">Adem\u00e1s, cuenta con un auditorio para 180 personas, un patio para actividades al aire libre y un amplio sal\u00f3n comedor.\u00a0<\/span><\/span><\/p>\n","protected":false},"excerpt":{"rendered":"<p>En el marco de las celebraciones por el D\u00eda del Trabajador del Estado, el Consejo Directivo Nacional de ATE celebr\u00f3 la inauguraci\u00f3n del Hotel \u2018H\u00e9ctor Quagliaro\u2019, en la calle Moreno 264 (CABA). Se llevaron a cabo distintas actividades culturales. Se trat\u00f3 de una jornada de fiesta para afiliados y militantes de la Asociaci\u00f3n Trabajadores del [&hellip;]<\/p>\n","protected":false},"author":1,"featured_media":19220,"comment_status":"open","ping_status":"open","sticky":false,"template":"","format":"standard","meta":{"_exactmetrics_skip_tracking":false,"_exactmetrics_sitenote_active":false,"_exactmetrics_sitenote_note":"","_exactmetrics_sitenote_category":0,"jnews-multi-image_gallery":[],"jnews_single_post":[],"jnews_primary_category":[],"jnews_social_meta":[],"jnews_review":[],"enable_review":"","type":"","name":"","summary":"","brand":"","sku":"","good":[],"bad":[],"score_override":"","override_value":"","rating":[],"price":[],"jnews_override_counter":[],"jnews_post_split":[],"footnotes":""},"categories":[18],"tags":[],"class_list":["post-7042","post","type-post","status-publish","format-standard","has-post-thumbnail","hentry","category-nacionales"],"jetpack_featured_media_url":"https:\/\/atecordoba.org\/wp-content\/uploads\/2020\/05\/logo-nuevochico-e1561581322808.png","_links":{"self":[{"href":"https:\/\/atecordoba.org\/index.php?rest_route=\/wp\/v2\/posts\/7042","targetHints":{"allow":["GET"]}}],"collection":[{"href":"https:\/\/atecordoba.org\/index.php?rest_route=\/wp\/v2\/posts"}],"about":[{"href":"https:\/\/atecordoba.org\/index.php?rest_route=\/wp\/v2\/types\/post"}],"author":[{"embeddable":true,"href":"https:\/\/atecordoba.org\/index.php?rest_route=\/wp\/v2\/users\/1"}],"replies":[{"embeddable":true,"href":"https:\/\/atecordoba.org\/index.php?rest_route=%2Fwp%2Fv2%2Fcomments&post=7042"}],"version-history":[{"count":0,"href":"https:\/\/atecordoba.org\/index.php?rest_route=\/wp\/v2\/posts\/7042\/revisions"}],"wp:featuredmedia":[{"embeddable":true,"href":"https:\/\/atecordoba.org\/index.php?rest_route=\/wp\/v2\/media\/19220"}],"wp:attachment":[{"href":"https:\/\/atecordoba.org\/index.php?rest_route=%2Fwp%2Fv2%2Fmedia&parent=7042"}],"wp:term":[{"taxonomy":"category","embeddable":true,"href":"https:\/\/atecordoba.org\/index.php?rest_route=%2Fwp%2Fv2%2Fcategories&post=7042"},{"taxonomy":"post_tag","embeddable":true,"href":"https:\/\/atecordoba.org\/index.php?rest_route=%2Fwp%2Fv2%2Ftags&post=7042"}],"curies":[{"name":"wp","href":"https:\/\/api.w.org\/{rel}","templated":true}]}}