{"id":7029,"date":"2016-06-27T18:40:59","date_gmt":"2016-06-27T21:40:59","guid":{"rendered":"http:\/\/www.atecordoba.org\/?p=7029"},"modified":"2016-06-27T18:40:59","modified_gmt":"2016-06-27T21:40:59","slug":"dia-del-trabajador-del-estado-ate-lanzo-en-capital-federal-la-campana-latinoamericana-en-defensa-del-estado","status":"publish","type":"post","link":"https:\/\/atecordoba.org\/?p=7029","title":{"rendered":"D\u00eda del Trabajador del Estado: ATE lanz\u00f3 en Capital Federal la campa\u00f1a latinoamericana en defensa del Estado"},"content":{"rendered":"<p><em>En el marco del festejo del 27 de junio D\u00eda del Trabajador del Estado, ATE instal\u00f3 una carpa frente al Obelisco para lanzar la campa\u00f1a latinoamericana en defensa del Estado ante las pol\u00edticas de ajuste que se est\u00e1n implementando en la regi\u00f3n, a partir de una iniciativa de la Clate.<\/em><\/p>\n<p><img loading=\"lazy\" decoding=\"async\" class=\"aligncenter size-full wp-image-7030\" src=\"http:\/\/www.atecordoba.org\/wp-content\/uploads\/2016\/06\/WhatsApp-Image-20160627-17-e1467063432221.jpeg\" alt=\"WhatsApp-Image-20160627 (17)\" width=\"550\" height=\"309\" \/><\/p>\n<p>En la oportunidad estuvieron presentes Hugo Godoy, secretario General de ATE nacional, Julio Fuentes, Adjunto y Secretario General de Confederaci\u00f3n Latinoamericana de Trabajadores del Estado (Clate), as\u00ed como los secretarios generales provinciales de ATE. En representaci\u00f3n de C\u00f3rdoba particip\u00f3 de la actividad el secretario Adjunto del CDP, Luis Barcena.<\/p>\n<p><img loading=\"lazy\" decoding=\"async\" class=\"aligncenter size-full wp-image-7031\" src=\"http:\/\/www.atecordoba.org\/wp-content\/uploads\/2016\/06\/WhatsApp-Image-20160627-2-e1467063468619.jpeg\" alt=\"WhatsApp-Image-20160627 (2)\" width=\"550\" height=\"309\" \/><\/p>\n<p>Durante el \u00a0acto de lanzamiento se destac\u00f3 el papel de los trabajadores en el sostenimiento de las p\u00fablicas p\u00fablica, expresado en argentina con la campa\u00f1a de concientizaci\u00f3n &#8220;Mi trabajo son tu derechos&#8221;.<\/p>\n<p><img loading=\"lazy\" decoding=\"async\" class=\"aligncenter size-full wp-image-7032\" src=\"http:\/\/www.atecordoba.org\/wp-content\/uploads\/2016\/06\/WhatsApp-Image-20160627-3-e1467063492348.jpeg\" alt=\"WhatsApp-Image-20160627 (3)\" width=\"550\" height=\"309\" \/><\/p>\n<p>All\u00ed queda expresado el rol fundamental de los trabajadores para que se efectivicen las pol\u00edticas que garantizan los derechos fundamentales a la comunidad, raz\u00f3n por la cual ATE viene denunciando que cada compa\u00f1ero despedido significa un derecho que se pierde.<\/p>\n<p><img loading=\"lazy\" decoding=\"async\" class=\"aligncenter size-full wp-image-7034\" src=\"http:\/\/www.atecordoba.org\/wp-content\/uploads\/2016\/06\/WhatsApp-Image-20160627-16-e1467063543980.jpeg\" alt=\"WhatsApp-Image-20160627 (16)\" width=\"550\" height=\"309\" \/><\/p>\n<p>En tal sentido, Barcena se\u00f1al\u00f3 que &#8220;La Clate resolvi\u00f3 tomar este d\u00eda para hacer extensivo el homenaje en todos los pa\u00edses de america del sur y el Caribe con la finalidad que no se pierdan la pol\u00edticas p\u00fablicas que los trabajadores sostenemos cada d\u00eda, sea salud, educaci\u00f3n, medio ambiente, que benefician a la comunidad&#8221;.<\/p>\n<p><img loading=\"lazy\" decoding=\"async\" class=\"aligncenter size-full wp-image-7035\" src=\"http:\/\/www.atecordoba.org\/wp-content\/uploads\/2016\/06\/WhatsApp-Image-20160627-13-e1467063576937.jpeg\" alt=\"WhatsApp-Image-20160627 (13)\" width=\"550\" height=\"309\" \/><\/p>\n<p>Tambi\u00e9n estuvo presente el Centro de Jubilados Nacional de ATE, impulsando un nuevo proyecto de ley \u00a0por el 82% m\u00f3vil y un salario digno.<\/p>\n<p>Barcena afirm\u00f3 que &#8220;ATE planta una vez m\u00e1s la bandera de la lucha contra la precarizaci\u00f3n laboral y los despidos tanto para los estatales como para las actividades privadas.\u00a0Hay varias provincias adheridas y faltan otras como C\u00f3rdoba que reconozcan la labor de los trabajadores como puntal fundamental en la administraci\u00f3n p\u00fablica y los territorios para beneficio de nuestro pueblo. De esta forma demostramos que sin los trabajadores no hay Estado&#8221;.<\/p>\n<p><img loading=\"lazy\" decoding=\"async\" class=\"aligncenter size-full wp-image-7036\" src=\"http:\/\/www.atecordoba.org\/wp-content\/uploads\/2016\/06\/WhatsApp-Image-20160627-15-e1467063605430.jpeg\" alt=\"WhatsApp-Image-20160627 (15)\" width=\"550\" height=\"309\" \/><\/p>\n<p>El acto cont\u00f3 con las palabra para el cierre del compa\u00f1ero Victor De Gennaro, que como diputado nacional present\u00f3 el proyecto para que el 27 de junio sea festejado como D\u00eda del Trabajador Estatal, que finalmente fue aprobado en el Congreso de la Naci\u00f3n.<\/p>\n","protected":false},"excerpt":{"rendered":"<p>En el marco del festejo del 27 de junio D\u00eda del Trabajador del Estado, ATE instal\u00f3 una carpa frente al Obelisco para lanzar la campa\u00f1a latinoamericana en defensa del Estado ante las pol\u00edticas de ajuste que se est\u00e1n implementando en la regi\u00f3n, a partir de una iniciativa de la Clate. En la oportunidad estuvieron presentes [&hellip;]<\/p>\n","protected":false},"author":1,"featured_media":19220,"comment_status":"open","ping_status":"open","sticky":false,"template":"","format":"standard","meta":{"_exactmetrics_skip_tracking":false,"_exactmetrics_sitenote_active":false,"_exactmetrics_sitenote_note":"","_exactmetrics_sitenote_category":0,"jnews-multi-image_gallery":[],"jnews_single_post":[],"jnews_primary_category":[],"jnews_social_meta":[],"jnews_review":[],"enable_review":"","type":"","name":"","summary":"","brand":"","sku":"","good":[],"bad":[],"score_override":"","override_value":"","rating":[],"price":[],"jnews_override_counter":[],"jnews_post_split":[],"footnotes":""},"categories":[18],"tags":[],"class_list":["post-7029","post","type-post","status-publish","format-standard","has-post-thumbnail","hentry","category-nacionales"],"jetpack_featured_media_url":"https:\/\/atecordoba.org\/wp-content\/uploads\/2020\/05\/logo-nuevochico-e1561581322808.png","_links":{"self":[{"href":"https:\/\/atecordoba.org\/index.php?rest_route=\/wp\/v2\/posts\/7029","targetHints":{"allow":["GET"]}}],"collection":[{"href":"https:\/\/atecordoba.org\/index.php?rest_route=\/wp\/v2\/posts"}],"about":[{"href":"https:\/\/atecordoba.org\/index.php?rest_route=\/wp\/v2\/types\/post"}],"author":[{"embeddable":true,"href":"https:\/\/atecordoba.org\/index.php?rest_route=\/wp\/v2\/users\/1"}],"replies":[{"embeddable":true,"href":"https:\/\/atecordoba.org\/index.php?rest_route=%2Fwp%2Fv2%2Fcomments&post=7029"}],"version-history":[{"count":0,"href":"https:\/\/atecordoba.org\/index.php?rest_route=\/wp\/v2\/posts\/7029\/revisions"}],"wp:featuredmedia":[{"embeddable":true,"href":"https:\/\/atecordoba.org\/index.php?rest_route=\/wp\/v2\/media\/19220"}],"wp:attachment":[{"href":"https:\/\/atecordoba.org\/index.php?rest_route=%2Fwp%2Fv2%2Fmedia&parent=7029"}],"wp:term":[{"taxonomy":"category","embeddable":true,"href":"https:\/\/atecordoba.org\/index.php?rest_route=%2Fwp%2Fv2%2Fcategories&post=7029"},{"taxonomy":"post_tag","embeddable":true,"href":"https:\/\/atecordoba.org\/index.php?rest_route=%2Fwp%2Fv2%2Ftags&post=7029"}],"curies":[{"name":"wp","href":"https:\/\/api.w.org\/{rel}","templated":true}]}}