{"id":7025,"date":"2016-06-24T17:12:59","date_gmt":"2016-06-24T20:12:59","guid":{"rendered":"http:\/\/www.atecordoba.org\/?p=7025"},"modified":"2016-06-24T17:12:59","modified_gmt":"2016-06-24T20:12:59","slug":"dia-del-trabajador-del-estado-unidos-en-la-defensa-de-los-puestos-de-trabajo","status":"publish","type":"post","link":"https:\/\/atecordoba.org\/?p=7025","title":{"rendered":"D\u00eda del Trabajador del Estado: unidos en la defensa de los puestos de trabajo"},"content":{"rendered":"<p><em>El Consejo Directivo Provincial de ATE saluda a todos los trabajadores estatales con motivo de celebrarse el pr\u00f3ximo lunes 27 de junio el D\u00eda del Trabajador Estatal.<\/em><\/p>\n<p><img loading=\"lazy\" decoding=\"async\" class=\"aligncenter size-full wp-image-6517\" src=\"http:\/\/www.atecordoba.org\/wp-content\/uploads\/2016\/03\/DSC_0384-e1458160297332.jpg\" alt=\"DSC_0384\" width=\"550\" height=\"309\" \/><\/p>\n<p>&nbsp;<\/p>\n<p>Es un homenaje merecido que logramos todos los trabajadores estatales, a partir de un proyecto que naci\u00f3 desde ATE y que se logr\u00f3 con la aprobaci\u00f3n de la ley 26876. Se trat\u00f3 de un reconocimiento para los que sostenemos el Estado cada d\u00eda, m\u00e1s all\u00e1 de los gobiernos que circunstancialmente lo administran.<\/p>\n<p>Si bien actualmente el 27 de junio es un asueto nacional, desde ATE queremos hacer extensivo nuestro saludo a los compa\u00f1eros provinciales y municipales.<\/p>\n<p>Todos merecemos festejar el lunes pr\u00f3ximo, sobre todo en estos momentos cuando debemos enfrentar la dif\u00edcil coyuntura donde las pol\u00edticas de ajuste, los despidos y el retroceso salarial son realidad en com\u00fan en los distintos niveles del Estado.<\/p>\n<p>Por eso, desde ATE queremos reafirmar en este momento nuestro compromiso en la defensa de los puestos de trabajo de cada estatal a lo largo y ancho del territorio de la provincia de C\u00f3rdoba, al igual que nuestro gremio lo hace en todo el pa\u00eds.<\/p>\n<p>Los trabajadores deben estar tranquilos que tendr\u00e1n en ATE el gremio que no va a tranzar con ning\u00fan gobierno en detrimento de nuestros derechos, porque est\u00e1n m\u00e1s vigentes que nunca las banderas hist\u00f3ricas de autonom\u00eda frente a los gobiernos y partidos pol\u00edticos.<\/p>\n<p style=\"text-align: right;\">En ese marco, seguimos sosteniendo la necesidad de la unidad de toda la clase trabajadora para mantener vivas las consignas permanentes de lucha con el objetivo de \u201cfortalecer el Estado para liberar la Naci\u00f3n\u201d.<\/p>\n<p style=\"text-align: right;\">Mar\u00eda Liliana Salerno<\/p>\n<p style=\"text-align: right;\">Secretaria General<\/p>\n<p>&nbsp;<\/p>\n<p>&nbsp;<\/p>\n","protected":false},"excerpt":{"rendered":"<p>El Consejo Directivo Provincial de ATE saluda a todos los trabajadores estatales con motivo de celebrarse el pr\u00f3ximo lunes 27 de junio el D\u00eda del Trabajador Estatal. &nbsp; Es un homenaje merecido que logramos todos los trabajadores estatales, a partir de un proyecto que naci\u00f3 desde ATE y que se logr\u00f3 con la aprobaci\u00f3n de [&hellip;]<\/p>\n","protected":false},"author":1,"featured_media":19220,"comment_status":"open","ping_status":"open","sticky":false,"template":"","format":"standard","meta":{"_exactmetrics_skip_tracking":false,"_exactmetrics_sitenote_active":false,"_exactmetrics_sitenote_note":"","_exactmetrics_sitenote_category":0,"jnews-multi-image_gallery":[],"jnews_single_post":[],"jnews_primary_category":[],"jnews_social_meta":[],"jnews_review":[],"enable_review":"","type":"","name":"","summary":"","brand":"","sku":"","good":[],"bad":[],"score_override":"","override_value":"","rating":[],"price":[],"jnews_override_counter":[],"jnews_post_split":[],"footnotes":""},"categories":[53,18],"tags":[],"class_list":["post-7025","post","type-post","status-publish","format-standard","has-post-thumbnail","hentry","category-comunicados-de-prensa","category-nacionales"],"jetpack_featured_media_url":"https:\/\/atecordoba.org\/wp-content\/uploads\/2020\/05\/logo-nuevochico-e1561581322808.png","_links":{"self":[{"href":"https:\/\/atecordoba.org\/index.php?rest_route=\/wp\/v2\/posts\/7025","targetHints":{"allow":["GET"]}}],"collection":[{"href":"https:\/\/atecordoba.org\/index.php?rest_route=\/wp\/v2\/posts"}],"about":[{"href":"https:\/\/atecordoba.org\/index.php?rest_route=\/wp\/v2\/types\/post"}],"author":[{"embeddable":true,"href":"https:\/\/atecordoba.org\/index.php?rest_route=\/wp\/v2\/users\/1"}],"replies":[{"embeddable":true,"href":"https:\/\/atecordoba.org\/index.php?rest_route=%2Fwp%2Fv2%2Fcomments&post=7025"}],"version-history":[{"count":0,"href":"https:\/\/atecordoba.org\/index.php?rest_route=\/wp\/v2\/posts\/7025\/revisions"}],"wp:featuredmedia":[{"embeddable":true,"href":"https:\/\/atecordoba.org\/index.php?rest_route=\/wp\/v2\/media\/19220"}],"wp:attachment":[{"href":"https:\/\/atecordoba.org\/index.php?rest_route=%2Fwp%2Fv2%2Fmedia&parent=7025"}],"wp:term":[{"taxonomy":"category","embeddable":true,"href":"https:\/\/atecordoba.org\/index.php?rest_route=%2Fwp%2Fv2%2Fcategories&post=7025"},{"taxonomy":"post_tag","embeddable":true,"href":"https:\/\/atecordoba.org\/index.php?rest_route=%2Fwp%2Fv2%2Ftags&post=7025"}],"curies":[{"name":"wp","href":"https:\/\/api.w.org\/{rel}","templated":true}]}}