{"id":7018,"date":"2016-06-23T17:48:46","date_gmt":"2016-06-23T20:48:46","guid":{"rendered":"http:\/\/www.atecordoba.org\/?p=7018"},"modified":"2016-06-23T17:48:46","modified_gmt":"2016-06-23T20:48:46","slug":"dos-horas-de-asamblea-diaria-en-el-hospital-neonatal","status":"publish","type":"post","link":"https:\/\/atecordoba.org\/?p=7018","title":{"rendered":"Dos horas de asamblea diaria en el Hospital Neonatal"},"content":{"rendered":"<p><em>Los trabajadores resolvieron la medida que se aplicar\u00e1 durante toda la semana que viene. Adem\u00e1s el martes y jueves realizan protestas en el marco de los reclamos salariales del sector.<\/em><\/p>\n<p><img loading=\"lazy\" decoding=\"async\" class=\"aligncenter size-full wp-image-7019\" src=\"http:\/\/www.atecordoba.org\/wp-content\/uploads\/2016\/06\/WhatsApp-Image-20160504-1-e1466714886377.jpg\" alt=\"WhatsApp-Image-20160504 (1)\" width=\"550\" height=\"412\" \/><\/p>\n<p>La medida fue resuelta en una asamblea realizada hoy con el apoyo de la gran mayor\u00eda del personal de la instituci\u00f3n, uno de los hospitales que marcan con mayor intensidad la insatisfacci\u00f3n del personal hospitalario provincial con la pauta salarial que otorg\u00f3 el gobierno de Schiaretti.<\/p>\n<p>&#8220;Vamos a seguir peleando por m\u00e1s que el gobierno no escuche porque es incre\u00edble que pretendan darnos s\u00f3lo un 25% de aumento para todo el a\u00f1o con la inflaci\u00f3n y los tarifazos que estamos sufriendo&#8221;, resumi\u00f3 el delegado de ATE Diego Ch\u00e1vez.<\/p>\n<p>La medida de fuerza afectar\u00e1 la atenci\u00f3n a los pacientes.<\/p>\n","protected":false},"excerpt":{"rendered":"<p>Los trabajadores resolvieron la medida que se aplicar\u00e1 durante toda la semana que viene. Adem\u00e1s el martes y jueves realizan protestas en el marco de los reclamos salariales del sector. La medida fue resuelta en una asamblea realizada hoy con el apoyo de la gran mayor\u00eda del personal de la instituci\u00f3n, uno de los hospitales [&hellip;]<\/p>\n","protected":false},"author":1,"featured_media":19220,"comment_status":"open","ping_status":"open","sticky":false,"template":"","format":"standard","meta":{"_exactmetrics_skip_tracking":false,"_exactmetrics_sitenote_active":false,"_exactmetrics_sitenote_note":"","_exactmetrics_sitenote_category":0,"jnews-multi-image_gallery":[],"jnews_single_post":[],"jnews_primary_category":[],"jnews_social_meta":[],"jnews_review":[],"enable_review":"","type":"","name":"","summary":"","brand":"","sku":"","good":[],"bad":[],"score_override":"","override_value":"","rating":[],"price":[],"jnews_override_counter":[],"jnews_post_split":[],"footnotes":""},"categories":[7,8],"tags":[],"class_list":["post-7018","post","type-post","status-publish","format-standard","has-post-thumbnail","hentry","category-hospitales","category-provinciales"],"jetpack_featured_media_url":"https:\/\/atecordoba.org\/wp-content\/uploads\/2020\/05\/logo-nuevochico-e1561581322808.png","_links":{"self":[{"href":"https:\/\/atecordoba.org\/index.php?rest_route=\/wp\/v2\/posts\/7018","targetHints":{"allow":["GET"]}}],"collection":[{"href":"https:\/\/atecordoba.org\/index.php?rest_route=\/wp\/v2\/posts"}],"about":[{"href":"https:\/\/atecordoba.org\/index.php?rest_route=\/wp\/v2\/types\/post"}],"author":[{"embeddable":true,"href":"https:\/\/atecordoba.org\/index.php?rest_route=\/wp\/v2\/users\/1"}],"replies":[{"embeddable":true,"href":"https:\/\/atecordoba.org\/index.php?rest_route=%2Fwp%2Fv2%2Fcomments&post=7018"}],"version-history":[{"count":0,"href":"https:\/\/atecordoba.org\/index.php?rest_route=\/wp\/v2\/posts\/7018\/revisions"}],"wp:featuredmedia":[{"embeddable":true,"href":"https:\/\/atecordoba.org\/index.php?rest_route=\/wp\/v2\/media\/19220"}],"wp:attachment":[{"href":"https:\/\/atecordoba.org\/index.php?rest_route=%2Fwp%2Fv2%2Fmedia&parent=7018"}],"wp:term":[{"taxonomy":"category","embeddable":true,"href":"https:\/\/atecordoba.org\/index.php?rest_route=%2Fwp%2Fv2%2Fcategories&post=7018"},{"taxonomy":"post_tag","embeddable":true,"href":"https:\/\/atecordoba.org\/index.php?rest_route=%2Fwp%2Fv2%2Ftags&post=7018"}],"curies":[{"name":"wp","href":"https:\/\/api.w.org\/{rel}","templated":true}]}}