{"id":6999,"date":"2016-06-15T16:32:59","date_gmt":"2016-06-15T19:32:59","guid":{"rendered":"http:\/\/www.atecordoba.org\/?p=6999"},"modified":"2020-07-02T11:39:12","modified_gmt":"2020-07-02T14:39:12","slug":"ate-anac-resuelve-estado-de-asamblea-permanente-en-los-aeropuertos","status":"publish","type":"post","link":"https:\/\/atecordoba.org\/?p=6999","title":{"rendered":"ATE-ANAC resuelve estado de asamblea permanente en los aeropuertos"},"content":{"rendered":"<p style=\"line-height: 12.0pt;\"><em><span style=\"font-size: 11.0pt; font-family: 'Georgia','serif'; color: #333333;\">La medida extiende el plan de lucha en el marco del conflicto que envuelve a los controladores a\u00e9reos y el Ministerio de Transporte. Hoy hubo protesta en el Aeropuerto C\u00f3rdoba.<\/span><\/em><\/p>\n<p style=\"line-height: 12.0pt;\"><img loading=\"lazy\" decoding=\"async\" class=\"aligncenter size-full wp-image-7000\" src=\"http:\/\/www.atecordoba.org\/wp-content\/uploads\/2016\/06\/WhatsApp-Image-20160615-2-e1466018999279.jpg\" alt=\"WhatsApp-Image-20160615 (2)\" width=\"550\" height=\"309\" \/><\/p>\n<p style=\"line-height: 12.0pt; orphans: auto; text-align: start; widows: 1; -webkit-text-stroke-width: 0px; word-spacing: 0px;\"><span style=\"font-size: 11.0pt; font-family: 'Georgia','serif'; color: #333333;\">A pesar de las presiones que autoridades del Ministerio de Transporte imponen sobre los trabajadores, ATE realiz\u00f3 hoy protestas en diversos aeropuertos del pa\u00eds, en el marco de plan de lucha que los controladores a\u00e9reos llevan adelante.<\/span><\/p>\n<p style=\"line-height: 12.0pt; orphans: auto; text-align: start; widows: 1; -webkit-text-stroke-width: 0px; word-spacing: 0px;\"><span style=\"font-size: 11.0pt; font-family: 'Georgia','serif'; color: #333333;\">Los trabajadores se oponen a un convenio colectivo a la baja que quita la estabilidad laboral propia de estatal a los compa\u00f1eros que pasar\u00e1n a depender de la nueva empresa EANA, a quien denuncian a su vez como puerta de ingreso de las privatizaciones en el sector.<\/span><\/p>\n<p style=\"line-height: 12.0pt; orphans: auto; text-align: start; widows: 1; -webkit-text-stroke-width: 0px; word-spacing: 0px;\"><img loading=\"lazy\" decoding=\"async\" class=\"aligncenter size-full wp-image-7002\" src=\"http:\/\/www.atecordoba.org\/wp-content\/uploads\/2016\/06\/WhatsApp-Image-20160615-e1466019027407.jpg\" alt=\"WhatsApp-Image-20160615\" width=\"550\" height=\"309\" \/><\/p>\n<p style=\"line-height: 12.0pt; orphans: auto; text-align: start; widows: 1; -webkit-text-stroke-width: 0px; word-spacing: 0px;\"><span style=\"font-size: 11.0pt; font-family: 'Georgia','serif'; color: #333333;\">Por ese motivo, y tras un par de 48 horas que afect\u00f3 los vuelos comerciales en todo el territorio nacional, obligando tambi\u00e9n a la desafectaci\u00f3n de vuelos internacionales, a partir de ma\u00f1ana a las 0 horas, se iniciar\u00e1 el estado de asamblea permanente, con la consiguiente afectaci\u00f3n de los vuelos, generando demoras y complicaciones a los pasajeros.<\/span><\/p>\n<p style=\"line-height: 12.0pt; orphans: auto; text-align: start; widows: 1; -webkit-text-stroke-width: 0px; word-spacing: 0px;\"><span style=\"font-size: 11.0pt; font-family: 'Georgia','serif'; color: #333333;\">As\u00ed lo resolvi\u00f3 la Coordinaci\u00f3n Nacional de ATE-ANAC. La medida ser\u00e1 por tiempo indeterminado, hasta tanto las autoridades del Ministerio de Transporte se avengan a abrir una mesa de negociaci\u00f3n laboral.<\/span><\/p>\n<p style=\"line-height: 12.0pt; orphans: auto; text-align: start; widows: 1; -webkit-text-stroke-width: 0px; word-spacing: 0px;\"><img loading=\"lazy\" decoding=\"async\" class=\"aligncenter  wp-image-7005\" src=\"http:\/\/www.atecordoba.org\/wp-content\/uploads\/2016\/06\/WhatsApp-Image-20160615-5.jpg\" alt=\"WhatsApp-Image-20160615 (5)\" width=\"550\" height=\"309\" \/> <img loading=\"lazy\" decoding=\"async\" class=\"aligncenter  wp-image-7004\" src=\"http:\/\/www.atecordoba.org\/wp-content\/uploads\/2016\/06\/WhatsApp-Image-20160615-6.jpg\" alt=\"WhatsApp-Image-20160615 (6)\" width=\"550\" height=\"309\" \/> <img loading=\"lazy\" decoding=\"async\" class=\"aligncenter  wp-image-7003\" src=\"http:\/\/www.atecordoba.org\/wp-content\/uploads\/2016\/06\/WhatsApp-Image-20160615-7.jpg\" alt=\"WhatsApp-Image-20160615 (7)\" width=\"550\" height=\"979\" \/> <img loading=\"lazy\" decoding=\"async\" class=\"aligncenter  wp-image-7007\" src=\"http:\/\/www.atecordoba.org\/wp-content\/uploads\/2016\/06\/WhatsApp-Image-20160615-3.jpg\" alt=\"WhatsApp-Image-20160615 (3)\" width=\"549\" height=\"309\" \/> <img loading=\"lazy\" decoding=\"async\" class=\"aligncenter  wp-image-7006\" src=\"http:\/\/www.atecordoba.org\/wp-content\/uploads\/2016\/06\/WhatsApp-Image-20160615-4.jpg\" alt=\"WhatsApp-Image-20160615 (4)\" width=\"548\" height=\"308\" \/> <img loading=\"lazy\" decoding=\"async\" class=\"aligncenter  wp-image-7001\" src=\"http:\/\/www.atecordoba.org\/wp-content\/uploads\/2016\/06\/WhatsApp-Image-20160615-1.jpg\" alt=\"WhatsApp-Image-20160615 (1)\" width=\"548\" height=\"308\" \/><\/p>\n","protected":false},"excerpt":{"rendered":"<p>La medida extiende el plan de lucha en el marco del conflicto que envuelve a los controladores a\u00e9reos y el Ministerio de Transporte. Hoy hubo protesta en el Aeropuerto C\u00f3rdoba. A pesar de las presiones que autoridades del Ministerio de Transporte imponen sobre los trabajadores, ATE realiz\u00f3 hoy protestas en diversos aeropuertos del pa\u00eds, en [&hellip;]<\/p>\n","protected":false},"author":1,"featured_media":19220,"comment_status":"open","ping_status":"open","sticky":false,"template":"","format":"standard","meta":{"_exactmetrics_skip_tracking":false,"_exactmetrics_sitenote_active":false,"_exactmetrics_sitenote_note":"","_exactmetrics_sitenote_category":0,"jnews-multi-image_gallery":[],"jnews_single_post":[],"jnews_primary_category":[],"jnews_social_meta":[],"jnews_review":[],"enable_review":"","type":"","name":"","summary":"","brand":"","sku":"","good":[],"bad":[],"score_override":"","override_value":"","rating":[],"price":[],"jnews_override_counter":[],"jnews_post_split":[],"footnotes":""},"categories":[18],"tags":[33,347],"class_list":["post-6999","post","type-post","status-publish","format-standard","has-post-thumbnail","hentry","category-nacionales","tag-anac","tag-movimiento-aeronautico-cordobes-mac"],"jetpack_featured_media_url":"https:\/\/atecordoba.org\/wp-content\/uploads\/2020\/05\/logo-nuevochico-e1561581322808.png","_links":{"self":[{"href":"https:\/\/atecordoba.org\/index.php?rest_route=\/wp\/v2\/posts\/6999","targetHints":{"allow":["GET"]}}],"collection":[{"href":"https:\/\/atecordoba.org\/index.php?rest_route=\/wp\/v2\/posts"}],"about":[{"href":"https:\/\/atecordoba.org\/index.php?rest_route=\/wp\/v2\/types\/post"}],"author":[{"embeddable":true,"href":"https:\/\/atecordoba.org\/index.php?rest_route=\/wp\/v2\/users\/1"}],"replies":[{"embeddable":true,"href":"https:\/\/atecordoba.org\/index.php?rest_route=%2Fwp%2Fv2%2Fcomments&post=6999"}],"version-history":[{"count":1,"href":"https:\/\/atecordoba.org\/index.php?rest_route=\/wp\/v2\/posts\/6999\/revisions"}],"predecessor-version":[{"id":20559,"href":"https:\/\/atecordoba.org\/index.php?rest_route=\/wp\/v2\/posts\/6999\/revisions\/20559"}],"wp:featuredmedia":[{"embeddable":true,"href":"https:\/\/atecordoba.org\/index.php?rest_route=\/wp\/v2\/media\/19220"}],"wp:attachment":[{"href":"https:\/\/atecordoba.org\/index.php?rest_route=%2Fwp%2Fv2%2Fmedia&parent=6999"}],"wp:term":[{"taxonomy":"category","embeddable":true,"href":"https:\/\/atecordoba.org\/index.php?rest_route=%2Fwp%2Fv2%2Fcategories&post=6999"},{"taxonomy":"post_tag","embeddable":true,"href":"https:\/\/atecordoba.org\/index.php?rest_route=%2Fwp%2Fv2%2Ftags&post=6999"}],"curies":[{"name":"wp","href":"https:\/\/api.w.org\/{rel}","templated":true}]}}