{"id":6996,"date":"2016-06-14T17:14:11","date_gmt":"2016-06-14T20:14:11","guid":{"rendered":"http:\/\/www.atecordoba.org\/?p=6996"},"modified":"2020-07-02T11:39:36","modified_gmt":"2020-07-02T14:39:36","slug":"trabajadores-de-la-anac-realizaran-manana-una-protesta-frente-al-aeropuerto-cordoba","status":"publish","type":"post","link":"https:\/\/atecordoba.org\/?p=6996","title":{"rendered":"Trabajadores de la ANAC realizar\u00e1n ma\u00f1ana una protesta frente al Aeropuerto C\u00f3rdoba"},"content":{"rendered":"<div style=\"text-align: left;\">\n<p><em>La medida se llevar\u00e1 a cabo en consonancia con movilizaciones que impulsa ATE en diversos aeropuertos del pa\u00eds en continuidad del plan de lucha y el paro por 48 horas realizado el fin de semana pasado.<\/em><\/p>\n<p><img loading=\"lazy\" decoding=\"async\" class=\"aligncenter size-full wp-image-6997\" src=\"http:\/\/www.atecordoba.org\/wp-content\/uploads\/2016\/06\/web.png\" alt=\"web\" width=\"550\" height=\"412\" \/><\/p>\n<p>Los trabajadores reclamar\u00e1n al Ministerio de Transporte que abra un canal de di\u00e1logo para la apertura y negociaci\u00f3n del convenio colectivo sectorial. La incertidumbre que embarga a los trabajadores ante la posible p\u00e9rdida de la estabilidad laboral, propia del trabajador del Estado, se suma a un contexto de posible privatizaci\u00f3n del sector y al relajamiento de las medidas de seguridad por desfinanciamiento de los controles de mantenimiento de los equipos de tr\u00e1nsito a\u00e9reo, que ponen en riesgo la seguridad de los pasajeros. Ma\u00f1ana la protesta contar\u00e1 con la presencia de otros sectores estatales solidarios con la lucha de los controladores a\u00e9reos y el personal de la ANAC.<\/p>\n<p>As\u00ed mismo, en una asamblea realizada hoy, delegados del sector expresaron la intenci\u00f3n de profundizar las medidas de fuerza con otro paro con fecha a definir.<\/p>\n<p>&nbsp;<\/p>\n<p>&nbsp;<\/p>\n<\/div>\n","protected":false},"excerpt":{"rendered":"<p>La medida se llevar\u00e1 a cabo en consonancia con movilizaciones que impulsa ATE en diversos aeropuertos del pa\u00eds en continuidad del plan de lucha y el paro por 48 horas realizado el fin de semana pasado. Los trabajadores reclamar\u00e1n al Ministerio de Transporte que abra un canal de di\u00e1logo para la apertura y negociaci\u00f3n del [&hellip;]<\/p>\n","protected":false},"author":1,"featured_media":19220,"comment_status":"open","ping_status":"open","sticky":false,"template":"","format":"standard","meta":{"_exactmetrics_skip_tracking":false,"_exactmetrics_sitenote_active":false,"_exactmetrics_sitenote_note":"","_exactmetrics_sitenote_category":0,"jnews-multi-image_gallery":[],"jnews_single_post":[],"jnews_primary_category":[],"jnews_social_meta":[],"jnews_review":[],"enable_review":"","type":"","name":"","summary":"","brand":"","sku":"","good":[],"bad":[],"score_override":"","override_value":"","rating":[],"price":[],"jnews_override_counter":[],"jnews_post_split":[],"footnotes":""},"categories":[18],"tags":[33,347],"class_list":["post-6996","post","type-post","status-publish","format-standard","has-post-thumbnail","hentry","category-nacionales","tag-anac","tag-movimiento-aeronautico-cordobes-mac"],"jetpack_featured_media_url":"https:\/\/atecordoba.org\/wp-content\/uploads\/2020\/05\/logo-nuevochico-e1561581322808.png","_links":{"self":[{"href":"https:\/\/atecordoba.org\/index.php?rest_route=\/wp\/v2\/posts\/6996","targetHints":{"allow":["GET"]}}],"collection":[{"href":"https:\/\/atecordoba.org\/index.php?rest_route=\/wp\/v2\/posts"}],"about":[{"href":"https:\/\/atecordoba.org\/index.php?rest_route=\/wp\/v2\/types\/post"}],"author":[{"embeddable":true,"href":"https:\/\/atecordoba.org\/index.php?rest_route=\/wp\/v2\/users\/1"}],"replies":[{"embeddable":true,"href":"https:\/\/atecordoba.org\/index.php?rest_route=%2Fwp%2Fv2%2Fcomments&post=6996"}],"version-history":[{"count":1,"href":"https:\/\/atecordoba.org\/index.php?rest_route=\/wp\/v2\/posts\/6996\/revisions"}],"predecessor-version":[{"id":20560,"href":"https:\/\/atecordoba.org\/index.php?rest_route=\/wp\/v2\/posts\/6996\/revisions\/20560"}],"wp:featuredmedia":[{"embeddable":true,"href":"https:\/\/atecordoba.org\/index.php?rest_route=\/wp\/v2\/media\/19220"}],"wp:attachment":[{"href":"https:\/\/atecordoba.org\/index.php?rest_route=%2Fwp%2Fv2%2Fmedia&parent=6996"}],"wp:term":[{"taxonomy":"category","embeddable":true,"href":"https:\/\/atecordoba.org\/index.php?rest_route=%2Fwp%2Fv2%2Fcategories&post=6996"},{"taxonomy":"post_tag","embeddable":true,"href":"https:\/\/atecordoba.org\/index.php?rest_route=%2Fwp%2Fv2%2Ftags&post=6996"}],"curies":[{"name":"wp","href":"https:\/\/api.w.org\/{rel}","templated":true}]}}