{"id":699,"date":"2011-11-24T19:25:43","date_gmt":"2011-11-24T22:25:43","guid":{"rendered":"http:\/\/www.atecordoba.org\/?p=699"},"modified":"2011-11-24T19:25:43","modified_gmt":"2011-11-24T22:25:43","slug":"personal-de-control-aereo-realizara-una-radio-abierta-en-la-plaza-san-martin","status":"publish","type":"post","link":"https:\/\/atecordoba.org\/?p=699","title":{"rendered":"Personal de control a\u00e9reo realizar\u00e1 una radio abierta en la plaza San Martin"},"content":{"rendered":"<div>\n<div dir=\"ltr\">\n<p style=\"text-align: center;\"><img loading=\"lazy\" decoding=\"async\" class=\"aligncenter  wp-image-700\" title=\"arton215\" src=\"http:\/\/www.atecordoba.org\/wp-content\/uploads\/2012\/07\/arton215-1024x768.jpg\" alt=\"\" width=\"502\" height=\"377\" \/><\/p>\n<p><strong>(C\u00f3rdoba, 24-11-2011)<\/strong><\/p>\n<p><strong>En rechazo al decreto presidencial que militariza el control a\u00e9reo, y tal como se resolvi\u00f3 en asamblea realizada hoy, los trabajadores de la ANAC realizar\u00e1n ma\u00f1ana una caravana desde el aeropuerto C\u00f3rdoba hacia el centro para difundir su posici\u00f3n a la comunidad y explicar el retroceso que significa la medida del gobierno.<\/strong><\/p>\n<\/div>\n<\/div>\n<div>\n<div dir=\"ltr\">\n<p>La actividad incluye una radio abierta en la Plaza San Mart\u00edn desde el mediod\u00eda y se enmarca en el plan de lucha que ATE desarrolla en el sector. La modalidad ser\u00e1 con abandono de tareas a partir de las 9 horas de los trabajadores operadores y administrativos, aunque los propios delegados de ATE garantizaron el pleno funcionamiento del aeropuerto mientras se lleve a cabo la protesta.<\/p>\n<p>Los trabajadores fundan su rechazo al decreto en que significa un paso atr\u00e1s en relaci\u00f3n a lo decidido en su momento por el gobierno nacional, cuando resolvi\u00f3 retirar el sector del control militar ante las sucesivas denuncias de corrupci\u00f3n y desmanejo por parte de la Fuerza A\u00e9rea, que incluso deriv\u00f3 en cat\u00e1strofes a\u00e9reas con cientos de muertos. C\u00f3rdoba no puede olvidar el caso Lapa como un ejemplo de esta situaci\u00f3n.<\/p>\n<p>A su vez, se\u00f1alan que no debe confundirse el control a\u00e9reo con ninguna l\u00ednea a\u00e9rea de bandera. Apoyado en esta confusi\u00f3n el gobierno nacional resolvi\u00f3 modificar el sistema en general cuando s\u00f3lo se enfrent\u00f3 a un conflicto particular con un gremio espec\u00edfico.<\/p>\n<p>Adem\u00e1s, se\u00f1alan que por muchos a\u00f1os la aviaci\u00f3n civil padeci\u00f3 el silencio y la angustia del personal durante el r\u00e9gimen de Fuerza A\u00e9rea y el trabajo en p\u00e9simas condiciones, sin derecho a reclamo alguno.<\/p>\n<p>En ese sentido, los trabajadores -todos con la alta capacitaci\u00f3n que exige la labor que desempe\u00f1an- reclaman que la aviaci\u00f3n de nuestro pa\u00eds este en manos del personal civil y no al r\u00e9gimen militar, para su seguridad y la de todos.<\/p>\n<p><strong>Elecci\u00f3n de delegados<\/strong><\/p>\n<p>Al mismo tiempo que se debat\u00eda los pasos a seguir ante la nueva coyuntura que presenta el sector, los trabajadores realizaron hoy la elecci\u00f3n de cuatro delegados, expresando de esta forma el crecimiento de ATE entre el personal de la ANAC. Los compa\u00f1eros Hugo Torres, Adrian Capomassi, Ricardo Mart\u00ednez y Mar\u00eda In\u00e9s Heer ser\u00e1n quienes representen a los trabajadores por los pr\u00f3ximos dos a\u00f1os Vale se\u00f1alar que votaron 106 de los 132 compa\u00f1eros empadronados para la elecci\u00f3n.<\/p>\n<p>A su vez, tambi\u00e9n se realiz\u00f3 elecciones de delegados en el Aeropuerto donde resultaron elegidos los compa\u00f1eros Gustavo Astudillo y Diego Cruz.<\/p>\n<\/div>\n<\/div>\n","protected":false},"excerpt":{"rendered":"<p>(C\u00f3rdoba, 24-11-2011) En rechazo al decreto presidencial que militariza el control a\u00e9reo, y tal como se resolvi\u00f3 en asamblea realizada hoy, los trabajadores de la ANAC realizar\u00e1n ma\u00f1ana una caravana desde el aeropuerto C\u00f3rdoba hacia el centro para difundir su posici\u00f3n a la comunidad y explicar el retroceso que significa la medida del gobierno. La [&hellip;]<\/p>\n","protected":false},"author":1,"featured_media":19220,"comment_status":"open","ping_status":"open","sticky":false,"template":"","format":"standard","meta":{"_exactmetrics_skip_tracking":false,"_exactmetrics_sitenote_active":false,"_exactmetrics_sitenote_note":"","_exactmetrics_sitenote_category":0,"jnews-multi-image_gallery":[],"jnews_single_post":[],"jnews_primary_category":[],"jnews_social_meta":[],"jnews_review":[],"enable_review":"","type":"","name":"","summary":"","brand":"","sku":"","good":[],"bad":[],"score_override":"","override_value":"","rating":[],"price":[],"jnews_override_counter":[],"jnews_post_split":[],"footnotes":""},"categories":[18],"tags":[29,11],"class_list":["post-699","post","type-post","status-publish","format-standard","has-post-thumbnail","hentry","category-nacionales","tag-nacionales-2","tag-noticias-2"],"jetpack_featured_media_url":"https:\/\/atecordoba.org\/wp-content\/uploads\/2020\/05\/logo-nuevochico-e1561581322808.png","_links":{"self":[{"href":"https:\/\/atecordoba.org\/index.php?rest_route=\/wp\/v2\/posts\/699","targetHints":{"allow":["GET"]}}],"collection":[{"href":"https:\/\/atecordoba.org\/index.php?rest_route=\/wp\/v2\/posts"}],"about":[{"href":"https:\/\/atecordoba.org\/index.php?rest_route=\/wp\/v2\/types\/post"}],"author":[{"embeddable":true,"href":"https:\/\/atecordoba.org\/index.php?rest_route=\/wp\/v2\/users\/1"}],"replies":[{"embeddable":true,"href":"https:\/\/atecordoba.org\/index.php?rest_route=%2Fwp%2Fv2%2Fcomments&post=699"}],"version-history":[{"count":0,"href":"https:\/\/atecordoba.org\/index.php?rest_route=\/wp\/v2\/posts\/699\/revisions"}],"wp:featuredmedia":[{"embeddable":true,"href":"https:\/\/atecordoba.org\/index.php?rest_route=\/wp\/v2\/media\/19220"}],"wp:attachment":[{"href":"https:\/\/atecordoba.org\/index.php?rest_route=%2Fwp%2Fv2%2Fmedia&parent=699"}],"wp:term":[{"taxonomy":"category","embeddable":true,"href":"https:\/\/atecordoba.org\/index.php?rest_route=%2Fwp%2Fv2%2Fcategories&post=699"},{"taxonomy":"post_tag","embeddable":true,"href":"https:\/\/atecordoba.org\/index.php?rest_route=%2Fwp%2Fv2%2Ftags&post=699"}],"curies":[{"name":"wp","href":"https:\/\/api.w.org\/{rel}","templated":true}]}}