{"id":6988,"date":"2016-06-08T18:33:51","date_gmt":"2016-06-08T21:33:51","guid":{"rendered":"http:\/\/www.atecordoba.org\/?p=6988"},"modified":"2016-06-08T18:33:51","modified_gmt":"2016-06-08T21:33:51","slug":"ate-adhiere-al-repudio-de-organismos-de-ddhh-del-decreto-de-macri-sobre-las-ffaa","status":"publish","type":"post","link":"https:\/\/atecordoba.org\/?p=6988","title":{"rendered":"ATE adhiere al repudio de organismos de DDHH del decreto de Macri sobre las FFAA"},"content":{"rendered":"<p><em>ATE informa su adhesi\u00f3n a la convocatoria realizada por organismos de Derechos Humanos de C\u00f3rdoba, con el fin de repudiar y solicitar anulaci\u00f3n del decreto Presidencial que retrotrae facultades de las Fuerzas Armadas antes de 1984.<\/em><\/p>\n<p><img loading=\"lazy\" decoding=\"async\" class=\"aligncenter size-full wp-image-6989\" src=\"http:\/\/www.atecordoba.org\/wp-content\/uploads\/2016\/06\/macri-y-milicos-e1465421606448.jpg\" alt=\"macri y milicos\" width=\"550\" height=\"321\" \/><\/p>\n<p>El acto se llevar\u00e1 a cabo ma\u00f1ana jueves 9 de junio\u00a0en una conferencia de prensa que se realizar\u00e1\u00a0en la Legislatura, donde participar\u00e1n tambi\u00e9n, seg\u00fan lo anunciado, legisladores y\u00a0organizaciones sociales, barriales y pol\u00edticas de C\u00f3rdoba.<\/p>\n<p>La convocatoria es\u00a0a las 10.30 en la\u00a0en la Sala de Comisiones N\u00ba 1 de la Legislatura Provincial,y ser\u00e1 encabezado por\u00a0Sonia Torres y Emilia D&#8217; Ambra.<\/p>\n","protected":false},"excerpt":{"rendered":"<p>ATE informa su adhesi\u00f3n a la convocatoria realizada por organismos de Derechos Humanos de C\u00f3rdoba, con el fin de repudiar y solicitar anulaci\u00f3n del decreto Presidencial que retrotrae facultades de las Fuerzas Armadas antes de 1984. El acto se llevar\u00e1 a cabo ma\u00f1ana jueves 9 de junio\u00a0en una conferencia de prensa que se realizar\u00e1\u00a0en la [&hellip;]<\/p>\n","protected":false},"author":1,"featured_media":19220,"comment_status":"open","ping_status":"open","sticky":false,"template":"","format":"standard","meta":{"_exactmetrics_skip_tracking":false,"_exactmetrics_sitenote_active":false,"_exactmetrics_sitenote_note":"","_exactmetrics_sitenote_category":0,"jnews-multi-image_gallery":[],"jnews_single_post":[],"jnews_primary_category":[],"jnews_social_meta":[],"jnews_review":[],"enable_review":"","type":"","name":"","summary":"","brand":"","sku":"","good":[],"bad":[],"score_override":"","override_value":"","rating":[],"price":[],"jnews_override_counter":[],"jnews_post_split":[],"footnotes":""},"categories":[122],"tags":[],"class_list":["post-6988","post","type-post","status-publish","format-standard","has-post-thumbnail","hentry","category-ddhh"],"jetpack_featured_media_url":"https:\/\/atecordoba.org\/wp-content\/uploads\/2020\/05\/logo-nuevochico-e1561581322808.png","_links":{"self":[{"href":"https:\/\/atecordoba.org\/index.php?rest_route=\/wp\/v2\/posts\/6988","targetHints":{"allow":["GET"]}}],"collection":[{"href":"https:\/\/atecordoba.org\/index.php?rest_route=\/wp\/v2\/posts"}],"about":[{"href":"https:\/\/atecordoba.org\/index.php?rest_route=\/wp\/v2\/types\/post"}],"author":[{"embeddable":true,"href":"https:\/\/atecordoba.org\/index.php?rest_route=\/wp\/v2\/users\/1"}],"replies":[{"embeddable":true,"href":"https:\/\/atecordoba.org\/index.php?rest_route=%2Fwp%2Fv2%2Fcomments&post=6988"}],"version-history":[{"count":0,"href":"https:\/\/atecordoba.org\/index.php?rest_route=\/wp\/v2\/posts\/6988\/revisions"}],"wp:featuredmedia":[{"embeddable":true,"href":"https:\/\/atecordoba.org\/index.php?rest_route=\/wp\/v2\/media\/19220"}],"wp:attachment":[{"href":"https:\/\/atecordoba.org\/index.php?rest_route=%2Fwp%2Fv2%2Fmedia&parent=6988"}],"wp:term":[{"taxonomy":"category","embeddable":true,"href":"https:\/\/atecordoba.org\/index.php?rest_route=%2Fwp%2Fv2%2Fcategories&post=6988"},{"taxonomy":"post_tag","embeddable":true,"href":"https:\/\/atecordoba.org\/index.php?rest_route=%2Fwp%2Fv2%2Ftags&post=6988"}],"curies":[{"name":"wp","href":"https:\/\/api.w.org\/{rel}","templated":true}]}}